{"id":805,"date":"2015-07-09T19:57:27","date_gmt":"2015-07-09T19:57:27","guid":{"rendered":"http:\/\/www.cestaviry.cz\/?p=805"},"modified":"2015-07-09T19:57:27","modified_gmt":"2015-07-09T19:57:27","slug":"generalni-konference-casd-2015","status":"publish","type":"post","link":"https:\/\/www.cestaviry.cz\/?p=805","title":{"rendered":"Gener\u00e1ln\u00ed konference CASD 2015"},"content":{"rendered":"<p>P\u0159ed konferenc\u00ed mi psalo p\u00e1r p\u0159\u00e1tel,\u017ee<em> te\u010f to p\u0159ijde,te\u010f nastanou zm\u011bny,u\u017e se na tom pracuje&#8230;tohle dlouho \u010dlenov\u00e9 nevydr\u017e\u00ed&#8230;zm\u011bny jsou p\u0159ed n\u00e1mi&#8230;..<\/em><\/p>\n<p>Proto\u017ee ji\u017e mnoho historik\u016f a teolog\u016f napsalo,\u017ee CASD nikdy nep\u0159ekro\u010d\u00ed st\u00edn E.G.Whiteov\u00e9 a sv\u00e9 fundamentalistick\u00e9 pojet\u00ed-viselo i tentokr\u00e1t o\u010dek\u00e1v\u00e1n\u00ed ve vzduchu.<\/p>\n<p>Konference op\u011bt,tak jako v historii uk\u00e1zala,\u017ee nejen,\u017ee adventismus s 80-90% vol\u00ed radik\u00e1ln\u00ed uva\u017eov\u00e1n\u00ed znovuzvolen\u00e9ho p\u0159edsedy na 5 let T.Wilsona,ale i op\u011bt v dal\u0161\u00edch bodech mnohem v\u00edce prohloubila odta\u017eitost od k\u0159es\u0165ansk\u00e9ho okoln\u00edho sv\u011bta.<\/p>\n<p>Uk\u00e1zala velik\u00fd zdvihnut\u00fd prst nad t\u011bmi,kte\u0159\u00ed v c\u00edrkvi uva\u017euj\u00ed jinak a op\u011bt dala do rukou moc konzervativn\u00edm fundamentalist\u016fm k vyd\u00edr\u00e1n\u00ed posledn\u00edch zbyl\u00fdch uva\u017euj\u00edc\u00edch \u010dlen\u016f v \u010cR.<\/p>\n<p><a href=\"http:\/\/www.cestaviry.cz\/wp-content\/uploads\/2015\/07\/Crush_Rebellion.png\"><img decoding=\"async\" loading=\"lazy\" class=\"alignnone  wp-image-806\" src=\"http:\/\/www.cestaviry.cz\/wp-content\/uploads\/2015\/07\/Crush_Rebellion.png\" alt=\"Crush_Rebellion\" width=\"353\" height=\"256\" \/><\/a><\/p>\n<p>Ani tak oby\u010dejn\u00e1 v\u011bc,jako uzn\u00e1n\u00ed toho,\u017ee by i \u017eena mohla b\u00fdt obdarovan\u00e1 nepro\u0161lo,nato\u017e pak o\u010dek\u00e1vat podstatn\u011bj\u0161\u00ed zm\u011bny.<\/p>\n<p>Domn\u00edv\u00e1m se,\u017ee nepom\u00e1h\u00e1,ani &#8222;h\u00e1zen\u00ed do autu&#8220; od p\u0159edstavitel\u016f c\u00edrkve CASD \u010cR+SR,\u017ee<em> se a\u017e tak moc ned\u011bje<\/em>,nebo,<em>\u017ee je pot\u0159eba je\u0161t\u011b po\u010dkat<\/em>&#8230;<strong>pokolik\u00e1t\u00e9 u\u017e ?<\/strong><\/p>\n<p>Kr\u00e1sn\u011b a hlavn\u011b otev\u0159en\u011b to vyj\u00e1d\u0159il v \u010dl\u00e1nku B.Jetelina:<\/p>\n<p>http:\/\/ekines.cz\/2015\/07\/09\/adventisticke-upresneni-veroucneho-bodu-o-stvoreni-symptom-zmeny-kurzu-cirkve\/<\/p>\n","protected":false},"excerpt":{"rendered":"<p>P\u0159ed konferenc\u00ed mi psalo p\u00e1r p\u0159\u00e1tel,\u017ee te\u010f to p\u0159ijde,te\u010f nastanou zm\u011bny,u\u017e se na tom pracuje&#8230;tohle dlouho \u010dlenov\u00e9 nevydr\u017e\u00ed&#8230;zm\u011bny jsou p\u0159ed n\u00e1mi&#8230;.. Proto\u017ee ji\u017e mnoho historik\u016f a teolog\u016f napsalo,\u017ee CASD nikdy nep\u0159ekro\u010d\u00ed st\u00edn E.G.Whiteov\u00e9 a sv\u00e9 fundamentalistick\u00e9 pojet\u00ed-viselo i tentokr\u00e1t o\u010dek\u00e1v\u00e1n\u00ed &hellip; <a href=\"https:\/\/www.cestaviry.cz\/?p=805\">Cel\u00fd p\u0159\u00edsp\u011bvek <span class=\"meta-nav\">&rarr;<\/span><\/a><\/p>\n","protected":false},"author":2,"featured_media":0,"comment_status":"closed","ping_status":"open","sticky":false,"template":"","format":"standard","meta":[],"categories":[1],"tags":[],"_links":{"self":[{"href":"https:\/\/www.cestaviry.cz\/index.php?rest_route=\/wp\/v2\/posts\/805"}],"collection":[{"href":"https:\/\/www.cestaviry.cz\/index.php?rest_route=\/wp\/v2\/posts"}],"about":[{"href":"https:\/\/www.cestaviry.cz\/index.php?rest_route=\/wp\/v2\/types\/post"}],"author":[{"embeddable":true,"href":"https:\/\/www.cestaviry.cz\/index.php?rest_route=\/wp\/v2\/users\/2"}],"replies":[{"embeddable":true,"href":"https:\/\/www.cestaviry.cz\/index.php?rest_route=%2Fwp%2Fv2%2Fcomments&post=805"}],"version-history":[{"count":1,"href":"https:\/\/www.cestaviry.cz\/index.php?rest_route=\/wp\/v2\/posts\/805\/revisions"}],"predecessor-version":[{"id":807,"href":"https:\/\/www.cestaviry.cz\/index.php?rest_route=\/wp\/v2\/posts\/805\/revisions\/807"}],"wp:attachment":[{"href":"https:\/\/www.cestaviry.cz\/index.php?rest_route=%2Fwp%2Fv2%2Fmedia&parent=805"}],"wp:term":[{"taxonomy":"category","embeddable":true,"href":"https:\/\/www.cestaviry.cz\/index.php?rest_route=%2Fwp%2Fv2%2Fcategories&post=805"},{"taxonomy":"post_tag","embeddable":true,"href":"https:\/\/www.cestaviry.cz\/index.php?rest_route=%2Fwp%2Fv2%2Ftags&post=805"}],"curies":[{"name":"wp","href":"https:\/\/api.w.org\/{rel}","templated":true}]}}