{"id":791,"date":"2015-06-27T09:59:46","date_gmt":"2015-06-27T09:59:46","guid":{"rendered":"http:\/\/www.cestaviry.cz\/?p=791"},"modified":"2015-06-27T09:59:46","modified_gmt":"2015-06-27T09:59:46","slug":"uprchlici","status":"publish","type":"post","link":"https:\/\/www.cestaviry.cz\/?p=791","title":{"rendered":"Uprchl\u00edci"},"content":{"rendered":"<p>Nechci zleh\u010dovat problem uprchl\u00edk\u016f, jen bych r\u00e1d popsal i \u201cdruhou stranu mince\u201d.<\/p>\n<p>Facebook je pln\u00fd \u201crozhorlen\u00fdch sd\u00edle\u010d\u016f\u201d, kte\u0159\u00ed p\u0159epos\u00edlaj\u00ed informace o uprchl\u00edc\u00edch a nemohu si pomoct &#8211; chyb\u00ed mi tam objektivn\u011bj\u0161\u00ed popis reality. Udivuje mne, \u017ee v\u0161e se \u0159\u00edd\u00ed podle hesla: \u201dV<strong><em>\u011bt\u0161inu zn\u00e1siln\u011bn\u00ed provedou mu\u017ei, proto je ka\u017ed\u00fd mu\u017e n\u00e1siln\u00edk = mnoho n\u00e1siln\u00fdch \u010din\u016f provedou islamist\u00e9, proto je\u2026<\/em><\/strong>\u201d N\u00e1rod je tak burcov\u00e1n hesly <em>Evropa jen <\/em><em>Evropan\u016fm<\/em>, kter\u00e1 pomalu a jist\u011b sklouz\u00e1vaj\u00ed k heslu <em>Evropa jen b\u00edl\u00fdm<\/em>.<\/p>\n<p>Politici na\u0161li vd\u011b\u010dn\u00e9 t\u00e9ma, kter\u00fdm z\u00edsk\u00e1vaj\u00ed voli\u010de populistick\u00fdmi v\u00fdroky, jak je t\u0159eba \u201cs nimi zato\u010dit\u201d, nacionalistick\u00e9 strany s\u00edl\u00ed ve volebn\u00edch preferenc\u00edch a zcela jist\u011b v p\u0159\u00ed\u0161t\u00edch letech se sv\u00fdm \u201c\u010derno-b\u00edl\u00fdm \u0159e\u0161en\u00edm\u201d pokro\u010d\u00ed do p\u0159edn\u00edch post\u016f \u00a0sv\u00fdch stran. Pak u\u017e se jen bude opakovat historie, kdy po \u017eidech p\u0159i\u0161li na \u0159adu i ti, kte\u0159\u00ed nesouhlasili antisemitismem\u2026.<\/p>\n<p>Pokuste se odm\u00edtnout podepsat petice a hned jste ozna\u010den za vlastizr\u00e1dce. Kde je najednou ona svoboda, kterou se tak oh\u00e1n\u00edme? Jen si vzpome\u0148te, jak \u010ce\u0161i ut\u00edkali na Z\u00e1pad. Do Rakouska, z\u00e1padn\u00edho N\u011bmecka atd. Tak\u00e9 byli v imigra\u010dn\u00edch t\u00e1borech, tak\u00e9 jim brali otisky, d\u011blali v\u00fdslechy, jestli nejsou n\u00e1hodou \u0161pioni od STB. Te\u010f je ka\u017ed\u00fd chytr\u00fd, ale to, \u017ee p\u0159ed cca 30-ti lety jsme my \u010ce\u0161i z d\u016fvodu osobn\u00edho, finan\u010dn\u00edho nebo politick\u00e9ho p\u0159esv\u011bd\u010den\u00ed d\u011blali jedno a to sam\u00e9, to u\u017e tady nikdo nezm\u00edn\u00ed. Ano, nebylo to v takov\u00e9m rozsahu a ur\u010dit\u011b z n\u00e1s Z\u00e1pad nem\u011bl takov\u00e9 obavy, ale chovali jsme se podobn\u011b a to se u n\u00e1s nev\u00e1l\u010dilo, na ulic\u00edch bylo relativn\u011b bezpe\u010dno. I tehdy dost lid\u00ed neslo n\u00e1lepku &#8222;ekonomi\u010dt\u00ed emigranti&#8220;.<\/p>\n<p>Jen bych p\u0159es mno\u017estv\u00ed slov na toto t\u00e9ma, p\u0159es v\u00fdk\u0159iky: \u201d<em>post\u0159\u00edlel bych je hned na \u010dlunu<\/em>\u201d, r\u00e1d upozornil na to, \u017ee p\u0159es v\u0161echny medi\u00e1ln\u00ed mas\u00e1\u017ee st\u00e1le v tom \u010dlunu, krom\u011b potenci\u00e1ln\u00edho isl\u00e1msk\u00e9ho radik\u00e1la, probl\u00e9mov\u00e9ho neasimilovateln\u00e9ho uprchl\u00edka, sed\u00ed tak\u00e9 opravdu ti, kte\u0159\u00ed museli ut\u00e9ct pro chudobu a v\u00e1lku v jejich zemi, o kter\u00fdch v\u00edme houby, co pro\u017eili:<\/p>\n<p><iframe loading=\"lazy\" width=\"584\" height=\"329\" src=\"https:\/\/www.youtube.com\/embed\/O5mrvffezmM?feature=oembed\" frameborder=\"0\" allowfullscreen><\/iframe><\/p>\n<p>\u017de tam v lod\u00edch sed\u00ed (by\u0165 i v men\u0161\u00edm po\u010dtu) \u017eeny a d\u011bti.<\/p>\n<p><a href=\"http:\/\/www.cestaviry.cz\/wp-content\/uploads\/2015\/06\/524155_770663139689134_4093546995263327319_n.jpg\"><img decoding=\"async\" loading=\"lazy\" class=\"alignnone  wp-image-793\" src=\"http:\/\/www.cestaviry.cz\/wp-content\/uploads\/2015\/06\/524155_770663139689134_4093546995263327319_n.jpg\" alt=\"524155_770663139689134_4093546995263327319_n\" width=\"339\" height=\"229\" \/><\/a><\/p>\n<p><a href=\"http:\/\/www.cestaviry.cz\/wp-content\/uploads\/2015\/06\/493428-original1-k3bdz.jpg\"><img decoding=\"async\" loading=\"lazy\" class=\"wp-image-794 alignleft\" src=\"http:\/\/www.cestaviry.cz\/wp-content\/uploads\/2015\/06\/493428-original1-k3bdz.jpg\" alt=\"493428-original1-k3bdz\" width=\"455\" height=\"306\" \/><\/a><\/p>\n<p>&nbsp;<\/p>\n<p>&nbsp;<\/p>\n<p>&nbsp;<\/p>\n<p>&nbsp;<\/p>\n<p>&nbsp;<\/p>\n<p>&nbsp;<\/p>\n<p>&nbsp;<\/p>\n<p>&nbsp;<\/p>\n<p>Proto mne opravdu p\u0159ekvapuje, \u017ee n\u011bkter\u00e9 pom\u011brn\u011b bigotn\u00ed, nacionalistick\u00e9, \u00fato\u010dn\u00e9 emaily, jsou mi p\u0159epos\u00edl\u00e1ny i od k\u0159es\u0165an\u016f. Jist\u011b &#8211; mus\u00ed b\u00fdt zachov\u00e1ny bezpe\u010dnostn\u00ed postupy, pravidla. Dalo by se hovo\u0159it o sobectv\u00ed, nesolidarit\u011b v\u016f\u010di posti\u017een\u00fdm, ale i v\u016f\u010di p\u0159\u00edmo\u0159sk\u00fdm st\u00e1t\u016fm, kter\u00e9, na rozd\u00edl od na\u0161eho klasick\u00e9ho historicky zn\u00e1m\u00e9ho z\u00e1pecnictv\u00ed, alespo\u0148 n\u011bco d\u011blaj\u00ed. Nap\u0159. jako ob\u010dan p\u0159\u00edmo\u0159sk\u00e9ho st\u00e1tu bych taky volal k ostatn\u00edm zem\u00edm, \u017ee by bylo f\u00e9r, kdyby n\u011bkdo taky trochu pomohl.<\/p>\n<p>Pokud se chcete tro\u0161ku bl\u00ed\u017ee sezn\u00e1mit s touto t\u00e9matikou, a to i z druh\u00e9 strany pohledu, doporu\u010duji si p\u0159e\u010d\u00edst vyj\u00e1d\u0159en\u00ed v odkazech od lid\u00ed, nebo organizac\u00ed, kter\u00fdch si v\u00e1\u017e\u00edm.<\/p>\n<p><a href=\"http:\/\/www.ceskatelevize.cz\/ct24\/domaci\/314415-siklova-patri-k-evropskym-hodnotam-vitat-cizince-i-uprchliky\/\" onclick=\"_gaq.push(['_trackEvent', 'outbound-article', 'http:\/\/www.ceskatelevize.cz\/ct24\/domaci\/314415-siklova-patri-k-evropskym-hodnotam-vitat-cizince-i-uprchliky\/', 'http:\/\/www.ceskatelevize.cz\/ct24\/domaci\/314415-siklova-patri-k-evropskym-hodnotam-vitat-cizince-i-uprchliky\/']);\" >http:\/\/www.ceskatelevize.cz\/ct24\/domaci\/314415-siklova-patri-k-evropskym-hodnotam-vitat-cizince-i-uprchliky\/<\/a><\/p>\n<p><a href=\"http:\/\/www.opu.cz\/cz\/article\/402\" onclick=\"_gaq.push(['_trackEvent', 'outbound-article', 'http:\/\/www.opu.cz\/cz\/article\/402', 'http:\/\/www.opu.cz\/cz\/article\/402']);\" >http:\/\/www.opu.cz\/cz\/article\/402<\/a><\/p>\n<p><a href=\"http:\/\/domaci.eurozpravy.cz\/spolecnost\/123337-pomoc-uprchlikum-je-to-moralni-povinnost-rika-halik\/\" onclick=\"_gaq.push(['_trackEvent', 'outbound-article', 'http:\/\/domaci.eurozpravy.cz\/spolecnost\/123337-pomoc-uprchlikum-je-to-moralni-povinnost-rika-halik\/', 'http:\/\/domaci.eurozpravy.cz\/spolecnost\/123337-pomoc-uprchlikum-je-to-moralni-povinnost-rika-halik\/']);\" >http:\/\/domaci.eurozpravy.cz\/spolecnost\/123337-pomoc-uprchlikum-je-to-moralni-povinnost-rika-halik\/<\/a><\/p>\n<p>&nbsp;<\/p>\n","protected":false},"excerpt":{"rendered":"<p>Nechci zleh\u010dovat problem uprchl\u00edk\u016f, jen bych r\u00e1d popsal i \u201cdruhou stranu mince\u201d. Facebook je pln\u00fd \u201crozhorlen\u00fdch sd\u00edle\u010d\u016f\u201d, kte\u0159\u00ed p\u0159epos\u00edlaj\u00ed informace o uprchl\u00edc\u00edch a nemohu si pomoct &#8211; chyb\u00ed mi tam objektivn\u011bj\u0161\u00ed popis reality. Udivuje mne, \u017ee v\u0161e se \u0159\u00edd\u00ed podle &hellip; <a href=\"https:\/\/www.cestaviry.cz\/?p=791\">Cel\u00fd p\u0159\u00edsp\u011bvek <span class=\"meta-nav\">&rarr;<\/span><\/a><\/p>\n","protected":false},"author":2,"featured_media":798,"comment_status":"closed","ping_status":"open","sticky":false,"template":"","format":"standard","meta":[],"categories":[2],"tags":[],"_links":{"self":[{"href":"https:\/\/www.cestaviry.cz\/index.php?rest_route=\/wp\/v2\/posts\/791"}],"collection":[{"href":"https:\/\/www.cestaviry.cz\/index.php?rest_route=\/wp\/v2\/posts"}],"about":[{"href":"https:\/\/www.cestaviry.cz\/index.php?rest_route=\/wp\/v2\/types\/post"}],"author":[{"embeddable":true,"href":"https:\/\/www.cestaviry.cz\/index.php?rest_route=\/wp\/v2\/users\/2"}],"replies":[{"embeddable":true,"href":"https:\/\/www.cestaviry.cz\/index.php?rest_route=%2Fwp%2Fv2%2Fcomments&post=791"}],"version-history":[{"count":4,"href":"https:\/\/www.cestaviry.cz\/index.php?rest_route=\/wp\/v2\/posts\/791\/revisions"}],"predecessor-version":[{"id":797,"href":"https:\/\/www.cestaviry.cz\/index.php?rest_route=\/wp\/v2\/posts\/791\/revisions\/797"}],"wp:featuredmedia":[{"embeddable":true,"href":"https:\/\/www.cestaviry.cz\/index.php?rest_route=\/wp\/v2\/media\/798"}],"wp:attachment":[{"href":"https:\/\/www.cestaviry.cz\/index.php?rest_route=%2Fwp%2Fv2%2Fmedia&parent=791"}],"wp:term":[{"taxonomy":"category","embeddable":true,"href":"https:\/\/www.cestaviry.cz\/index.php?rest_route=%2Fwp%2Fv2%2Fcategories&post=791"},{"taxonomy":"post_tag","embeddable":true,"href":"https:\/\/www.cestaviry.cz\/index.php?rest_route=%2Fwp%2Fv2%2Ftags&post=791"}],"curies":[{"name":"wp","href":"https:\/\/api.w.org\/{rel}","templated":true}]}}