{"id":545,"date":"2014-11-26T17:44:37","date_gmt":"2014-11-26T17:44:37","guid":{"rendered":"http:\/\/www.cestaviry.cz\/?p=545"},"modified":"2016-07-12T19:38:49","modified_gmt":"2016-07-12T19:38:49","slug":"zaujal-mne-clanek-sobota-v-cirkvi-adventistu-s-d","status":"publish","type":"post","link":"https:\/\/www.cestaviry.cz\/?p=545","title":{"rendered":"Zaujal mne \u010dl\u00e1nek: sobota v C\u00edrkvi adventist\u016f s.d."},"content":{"rendered":"<div class=\"gmail_quote\">\n<blockquote class=\"gmail_quote\" style=\"padding-left: 1ex; margin: 0px 0px 0px 0.8ex; border-left: #ccc 1px solid;\">\n<div dir=\"ltr\">\n<div dir=\"ltr\">\n<div style=\"font-size: 12pt; font-family: 'Calibri'; color: #000000;\">\n<div>\u00a0 od\u00a0<strong>Mgr. Ji\u0159\u00ed Luke\u0161e, Th.D.<\/strong><\/div>\n<div>\n<p>Odborn\u00fd asistent na Odd\u011blen\u00ed biblistiky, Katedry biblistiky a judaistiky HTF UK v Praze.Vyu\u010duje tak\u00e9 na teologick\u00e9m semin\u00e1\u0159i CASD.Zde odkaz \u00a02\/2014 :<\/p>\n<div class=\"gmail_quote\">\n<blockquote class=\"gmail_quote\" style=\"padding-left: 1ex; margin: 0px 0px 0px 0.8ex; border-left: #ccc 1px solid;\">\n<div dir=\"ltr\">\n<div dir=\"ltr\">\n<div><a href=\"http:\/\/www.krestanskarevue.cz\/archiv_2014_2.php\" onclick=\"_gaq.push(['_trackEvent', 'outbound-article', 'http:\/\/www.krestanskarevue.cz\/archiv_2014_2.php', 'http:\/\/www.krestanskarevue.cz\/archiv_2014_2.php']);\" title=\"http:\/\/www.krestanskarevue.cz\/archiv_2014_2.php\"  target=\"_blank\">http:\/\/www.krestanskarevue.cz\/archiv_2014_2.php<\/a><\/div>\n<div>\u00a0Odkaz po upozorn\u011bn\u00ed byl zablokov\u00e1n.Proto p\u0159ikl\u00e1d\u00e1m ke sta\u017een\u00ed:<\/div>\n<div><a href=\"http:\/\/www.cestaviry.cz\/wp-content\/uploads\/2014\/11\/lukes_sabat-zv\u00fdrazn\u011bo.pdf\" onclick=\"_gaq.push(['_trackEvent','download','http:\/\/www.cestaviry.cz\/wp-content\/uploads\/2014\/11\/lukes_sabat-zv\u00fdrazn\u011bo.pdf']);\" rel=\"\">lukes_sabat-zv\u00fdrazn\u011bo<\/a><\/div>\n<\/div>\n<\/div>\n<\/blockquote>\n<\/div>\n<\/div>\n<div><\/div>\n<div><\/div>\n<\/div>\n<\/div>\n<\/div>\n<\/blockquote>\n<\/div>\n","protected":false},"excerpt":{"rendered":"<p>\u00a0 od\u00a0Mgr. Ji\u0159\u00ed Luke\u0161e, Th.D. Odborn\u00fd asistent na Odd\u011blen\u00ed biblistiky, Katedry biblistiky a judaistiky HTF UK v Praze.Vyu\u010duje tak\u00e9 na teologick\u00e9m semin\u00e1\u0159i CASD.Zde odkaz \u00a02\/2014 : http:\/\/www.krestanskarevue.cz\/archiv_2014_2.php \u00a0Odkaz po upozorn\u011bn\u00ed byl zablokov\u00e1n.Proto p\u0159ikl\u00e1d\u00e1m ke sta\u017een\u00ed: lukes_sabat-zv\u00fdrazn\u011bo<\/p>\n","protected":false},"author":2,"featured_media":0,"comment_status":"closed","ping_status":"open","sticky":false,"template":"","format":"standard","meta":[],"categories":[8],"tags":[],"_links":{"self":[{"href":"https:\/\/www.cestaviry.cz\/index.php?rest_route=\/wp\/v2\/posts\/545"}],"collection":[{"href":"https:\/\/www.cestaviry.cz\/index.php?rest_route=\/wp\/v2\/posts"}],"about":[{"href":"https:\/\/www.cestaviry.cz\/index.php?rest_route=\/wp\/v2\/types\/post"}],"author":[{"embeddable":true,"href":"https:\/\/www.cestaviry.cz\/index.php?rest_route=\/wp\/v2\/users\/2"}],"replies":[{"embeddable":true,"href":"https:\/\/www.cestaviry.cz\/index.php?rest_route=%2Fwp%2Fv2%2Fcomments&post=545"}],"version-history":[{"count":7,"href":"https:\/\/www.cestaviry.cz\/index.php?rest_route=\/wp\/v2\/posts\/545\/revisions"}],"predecessor-version":[{"id":1165,"href":"https:\/\/www.cestaviry.cz\/index.php?rest_route=\/wp\/v2\/posts\/545\/revisions\/1165"}],"wp:attachment":[{"href":"https:\/\/www.cestaviry.cz\/index.php?rest_route=%2Fwp%2Fv2%2Fmedia&parent=545"}],"wp:term":[{"taxonomy":"category","embeddable":true,"href":"https:\/\/www.cestaviry.cz\/index.php?rest_route=%2Fwp%2Fv2%2Fcategories&post=545"},{"taxonomy":"post_tag","embeddable":true,"href":"https:\/\/www.cestaviry.cz\/index.php?rest_route=%2Fwp%2Fv2%2Ftags&post=545"}],"curies":[{"name":"wp","href":"https:\/\/api.w.org\/{rel}","templated":true}]}}