{"id":344,"date":"2013-06-18T20:31:13","date_gmt":"2013-06-18T20:31:13","guid":{"rendered":"http:\/\/www.cestaviry.cz\/?p=344"},"modified":"2013-06-21T09:51:25","modified_gmt":"2013-06-21T09:51:25","slug":"vsichni-chceme-na-horuale-i-nahoru","status":"publish","type":"post","link":"https:\/\/www.cestaviry.cz\/?p=344","title":{"rendered":"V\u0160ICHNI CHCEME NA HORU, ALE I NAHORU"},"content":{"rendered":"<div><span style=\"font-family: Arial Black; font-size: large;\"><em>\u00a0 Proto\u017ee se mno\u017eilo p\u0159\u00e1n\u00ed v\u00edcero lidi\u010dek (nejen) ze st\u0159ede\u010dn\u00ed skupinky, \u017ee:<\/em><\/span><\/div>\n<div><\/div>\n<div><strong><span style=\"font-family: Arial Black; font-size: large;\"><em>&#8211;\u00a0 by bylo dobr\u00e9 se n\u011bkdy proj\u00edt (nejen v my\u0161lenk\u00e1ch po Sionsk\u00fdch n\u00e1vr\u0161\u00edch),<\/em><\/span><\/strong><\/div>\n<div><strong><span style=\"font-family: Arial Black; font-size: large;\"><em>&#8211; popov\u00eddat si o v\u011bcech, ke kter\u00fdm se kolikr\u00e1t nedostaneme pro \u201ckr\u00e1tkost \u010dasu\u201d,<\/em><\/span><\/strong><\/div>\n<div><strong><span style=\"font-family: Arial Black; font-size: large;\"><em>&#8211; zasm\u00e1t se a \u0159v\u00e1t, jak na lesy&#8230;,<\/em><\/span><\/strong><\/div>\n<div><strong><span style=\"font-family: Arial Black; font-size: large;\"><em>&#8211; ud\u011blat (lanovkou) ten rozhodn\u00fd krok,<\/em><\/span><\/strong><\/div>\n<div><strong><em><span style=\"font-family: Arial Black; font-size: large;\">&#8211; j\u00edt s hlavou v oblac\u00edch a nohama na zemi,<\/span><\/em><\/strong><\/div>\n<div><strong><em><span style=\"font-family: Arial Black; font-size: large;\">&#8211; viset pouze na lan\u011b v\u00edry (i lanovky),<\/span><\/em><\/strong><\/div>\n<div><strong><em><span style=\"font-family: Arial Black; font-size: large;\">&#8211; zdolat (kabinkou) Montenegro a pak sej\u00edt (pro n\u011bkoho do \u00fadol\u00ed st\u00ednu smrti)&#8230;,<\/span><\/em><\/strong><\/div>\n<div><em><\/em>\u00a0\u00a0\u00a0\u00a0\u00a0 tak se p\u00e1r lidi\u010dek vydalo na v\u00fdlet na \u010cernou horu, kde\u00a0n\u00e1m b\u00e1je\u010dn\u011b &#8222;zachytil du\u0161i&#8220; na sv\u016fj fotoapar\u00e1t\u00a0kamar\u00e1d David \u0160losar a dodal mn\u011b k sest\u0159\u00edh\u00e1n\u00ed a jemn\u00e9 prolo\u017een\u00ed videem a hudbou. Jestli chcete, projd\u011bte se s n\u00e1mi&#8230;<\/div>\n<div>(doporu\u010duji na\u010d\u00edst v HD kvalit\u011b)<\/div>\n<div><a href=\"http:\/\/www.youtube.com\/watch?v=17mZ6zmvMt0\" onclick=\"_gaq.push(['_trackEvent', 'outbound-article', 'http:\/\/www.youtube.com\/watch?v=17mZ6zmvMt0', '']);\" ><img decoding=\"async\" src=\"http:\/\/img.youtube.com\/vi\/17mZ6zmvMt0\/0.jpg\" alt=\"Thumbnail\" width=\"185\" ><\/a><\/div>\n","protected":false},"excerpt":{"rendered":"<p>\u00a0 Proto\u017ee se mno\u017eilo p\u0159\u00e1n\u00ed v\u00edcero lidi\u010dek (nejen) ze st\u0159ede\u010dn\u00ed skupinky, \u017ee: &#8211;\u00a0 by bylo dobr\u00e9 se n\u011bkdy proj\u00edt (nejen v my\u0161lenk\u00e1ch po Sionsk\u00fdch n\u00e1vr\u0161\u00edch), &#8211; popov\u00eddat si o v\u011bcech, ke kter\u00fdm se kolikr\u00e1t nedostaneme pro \u201ckr\u00e1tkost \u010dasu\u201d, &#8211; zasm\u00e1t &hellip; <a href=\"https:\/\/www.cestaviry.cz\/?p=344\">Cel\u00fd p\u0159\u00edsp\u011bvek <span class=\"meta-nav\">&rarr;<\/span><\/a><\/p>\n","protected":false},"author":2,"featured_media":0,"comment_status":"closed","ping_status":"open","sticky":false,"template":"","format":"standard","meta":[],"categories":[2],"tags":[],"_links":{"self":[{"href":"https:\/\/www.cestaviry.cz\/index.php?rest_route=\/wp\/v2\/posts\/344"}],"collection":[{"href":"https:\/\/www.cestaviry.cz\/index.php?rest_route=\/wp\/v2\/posts"}],"about":[{"href":"https:\/\/www.cestaviry.cz\/index.php?rest_route=\/wp\/v2\/types\/post"}],"author":[{"embeddable":true,"href":"https:\/\/www.cestaviry.cz\/index.php?rest_route=\/wp\/v2\/users\/2"}],"replies":[{"embeddable":true,"href":"https:\/\/www.cestaviry.cz\/index.php?rest_route=%2Fwp%2Fv2%2Fcomments&post=344"}],"version-history":[{"count":16,"href":"https:\/\/www.cestaviry.cz\/index.php?rest_route=\/wp\/v2\/posts\/344\/revisions"}],"predecessor-version":[{"id":361,"href":"https:\/\/www.cestaviry.cz\/index.php?rest_route=\/wp\/v2\/posts\/344\/revisions\/361"}],"wp:attachment":[{"href":"https:\/\/www.cestaviry.cz\/index.php?rest_route=%2Fwp%2Fv2%2Fmedia&parent=344"}],"wp:term":[{"taxonomy":"category","embeddable":true,"href":"https:\/\/www.cestaviry.cz\/index.php?rest_route=%2Fwp%2Fv2%2Fcategories&post=344"},{"taxonomy":"post_tag","embeddable":true,"href":"https:\/\/www.cestaviry.cz\/index.php?rest_route=%2Fwp%2Fv2%2Ftags&post=344"}],"curies":[{"name":"wp","href":"https:\/\/api.w.org\/{rel}","templated":true}]}}