{"id":1482,"date":"2024-02-04T18:22:08","date_gmt":"2024-02-04T18:22:08","guid":{"rendered":"https:\/\/www.cestaviry.cz\/?p=1482"},"modified":"2024-02-04T18:22:08","modified_gmt":"2024-02-04T18:22:08","slug":"nastesti-je-vetsina-normalnich","status":"publish","type":"post","link":"https:\/\/www.cestaviry.cz\/?p=1482","title":{"rendered":"Na\u0161t\u011bst\u00ed je v\u011bt\u0161ina norm\u00e1ln\u00edch&#8230;."},"content":{"rendered":"<p>Psala mi dnes jedna hodn\u00e1 sestra, kter\u00e1 si mysl\u00ed, \u017ee v adventismu je na\u0161t\u011bst\u00ed v\u011bt\u0161ina \u010dlen\u016f norm\u00e1ln\u00edch.<\/p>\n<p>P\u0159ikl\u00e1d\u00e1m p\u00e1r citac\u00ed (a naschv\u00e1l od \u010dlen\u016f CASD),abych pouk\u00e1zal na to, \u017ee :<\/p>\n<ul>\n<li>nen\u00ed mo\u017enost &#8222;dodr\u017eovat&#8220; a b\u00fdt norm\u00e1ln\u00ed<\/li>\n<li>v samotn\u00e9m DNA nikdy necht\u011bla a hlavn\u011b nechce b\u00fdt CASD &#8222;norm\u00e1ln\u00ed&#8220;<\/li>\n<li>siln\u011b v\u011bt\u0161inov\u00fd n\u00e1zor umo\u017e\u0148uje ka\u017edou konferenci nepohnutelnost a n\u00e1vrat k historick\u00e9mu fundament\u00e1ln\u00edmu pojet\u00ed adventismu<\/li>\n<li>proto jsou ve funkc\u00edch lid\u00e9, jac\u00ed jsou a ukazatel sou\u010dtu hlas\u016f na GK op\u011bt ka\u017ed\u00e9 posledn\u00ed roky ukazuje, \u017ee je to a\u017e 80% ,\u010dlen\u016f, kter\u00fd se p\u0159ikl\u00e1n\u00ed k tomuto pojet\u00ed<\/li>\n<li>do c\u00edrkve se vr\u00e1tili (a \u010dasto i do vedouc\u00edch pozic) lid\u00e9, o kter\u00fd se d\u0159\u00edve mluvilo, jako o t\u0159etin\u00e1\u0159\u00edch, byly vylou\u010deni za podvodnou \u010dinnost, m\u011bli sv\u00e9 odno\u017ee skupinek=st\u00e1vaj\u00edc\u00ed p\u0159itvrzov\u00e1n\u00ed jim zkr\u00e1tka vyhovuje<\/li>\n<li>po\u010det \u010dlen\u016f lajkuj\u00edc\u00edch a odb\u00edraj\u00edc\u00edch militantn\u00ed videa je ohromuj\u00edc\u00ed<\/li>\n<\/ul>\n<p><a href=\"http:\/\/www.cestaviry.cz\/wp-content\/uploads\/2024\/02\/Screenshot_2024-02-04-18-54-52-547_com.google.android.youtube.jpg\"><img decoding=\"async\" loading=\"lazy\" class=\"alignnone wp-image-1484\" src=\"http:\/\/www.cestaviry.cz\/wp-content\/uploads\/2024\/02\/Screenshot_2024-02-04-18-54-52-547_com.google.android.youtube-1024x771.jpg\" alt=\"\" width=\"402\" height=\"305\" \/><\/a><\/p>\n<p><em>\u00a0 \u00a0 \u00a0&#8220; Zm\u00edn\u011bn\u00e9 dv\u011b protikladn\u00e9 tendence uvnit\u0159 adventizmu byly zformov\u00e1ny v\u00a0dob\u011b vzniku a byly posv\u011bceny adventistick\u00fdmi pr\u016fkopn\u00edky v\u010detn\u011b Ellen Gould Whiteov\u00e9, tak\u017ee maj\u00ed v\u00a0podstat\u011b povahu dogmatu. Pohyb adventizmu sm\u011brem k\u00a0etice spole\u010dnosti, v\u00a0n\u00ed\u017e adventizmus funguje, a z\u00e1rove\u0148 pojet\u00ed adventizmu jako mal\u00e9 skupinky posledn\u00edch\u00a0v\u011brn\u00fdch p\u0159edstavuje v mentalit\u011b adventist\u016f velmi vhodnou \u017eivnou p\u016fdu pro vznik od\u0161t\u011bpeneck\u00fdch skupinek. V \u010desk\u00fdch zem\u00edch, kde se po\u010det adventist\u016f pohyboval v\u017edy nejv\u00fd\u0161e v \u0159\u00e1dech tis\u00edc\u016f, bylo zalo\u017eeno od vzniku \u010ceskoslovenska nejm\u00e9n\u011b p\u011bt takov\u00fdchto skupinek, co\u017e je \u010d\u00edslo p\u0159ekvapiv\u011b vysok\u00e9. D\u016fvodem je, \u017ee ob\u011b tendence adventizmu dr\u017e\u00ed tuto denominaci na hran\u011b obou Troelschov\u00fdch typ\u016f a r\u016fzn\u00e9 proudy uvnit\u0159 c\u00edrkve se ji sna\u017e\u00ed posunout ob\u011bma sm\u011bry z\u00e1rove\u0148.<\/em><\/p>\n<p><em>\u00a0<strong> Nekompromisnost proudu odm\u00edtaj\u00edc\u00edho \u201espol\u010dov\u00e1n\u00ed se se sv\u011btem\u201c pak vy\u00fas\u0165uje v institu\u010dn\u00ed odd\u011blen\u00ed se a vznik nov\u00e9ho n\u00e1bo\u017eensk\u00e9ho spole\u010denstv\u00ed, (kter\u00e9 se v\u0161ak m\u00e1lokdy vn\u00edm\u00e1 jako reforma p\u016fvodn\u00edho adventizmu, ale v drtiv\u00e9 v\u011bt\u0161in\u011b p\u0159\u00edpad\u016f jako n\u00e1vrat k prvotn\u00edmu, nezka\u017een\u00e9mu adventismu).&#8220;<\/strong><\/em><\/p>\n<p style=\"text-align: right;\">\u00a0 \u00a0 \u00a0 \u00a0 \u00a0 \u00a0 \u00a0 \u00a0 \u00a0 \u00a0 \u00a0 \u00a0 \u00a0 \u00a0 \u00a0 \u00a0 \u00a0 \u00a0 \u00a0 \u00a0 \u00a0 \u00a0 \u00a0 \u00a0 \u00a0J.Pi\u0161kula -Diplomov\u00e1 pr\u00e1ce -Adventismus v \u010cech\u00e1ch a na Morav\u011b<\/p>\n<hr \/>\n<p><em>&#8222;V z\u00e1vere\u010dn\u00fdch min\u00fatach prv\u00e9ho pracovn\u00e9ho rokovania deleg\u00e1tov v St. Louis bol predstaven\u00fd n\u00e1vrh menovacieho v\u00fdboru na vo\u013ebu predsedu Gener\u00e1lnej konferencie, ktor\u00fd nominoval do tejto poz\u00edcie s\u00fa\u010dasn\u00e9ho predstavite\u013ea cirkvi Teda Wilsona. Menovac\u00ed v\u00fdbor po vy\u0161e trojhodinovej diskusii a zva\u017eovan\u00ed \u010fal\u0161\u00edch vhodn\u00fdch kandid\u00e1tov na t\u00fato poz\u00edciu napokon v\u00e4\u010d\u0161inou hlasov rozhodol o pred\u013a\u017een\u00ed mand\u00e1tu s\u00fa\u010dasn\u00e9ho predsedu do roku 2025, kedy sa uskuto\u010dn\u00ed \u010fal\u0161ie zasadnutie deleg\u00e1tov celosvetovej cirkvi. N\u00e1vrh bol ods\u00fahlasen\u00fd pr\u00edtomn\u00fdmi deleg\u00e1tmi pomerom hlasov<strong> 74,9% za a 25,1% proti<\/strong>.&#8220;<\/em><\/p>\n<p>M.Pavl\u00edk\u00a0 -Blog -Gener\u00e1ln\u00ed konference<\/p>\n<hr \/>\n<p><em>&#8222;Soust\u0159ed\u011bnost sama na sebe s d\u016frazy podl\u00e9haj\u00edc\u00edm prom\u011bn\u00e1m \u010dasu znamen\u00e1 jej\u00ed zk\u00e1zu. Adventismus v t\u0159et\u00edm sv\u011bt\u011b znamen\u00e1 pozvednut\u00ed z chudoby, v na\u0161em sv\u011bt\u011b n\u00e1vod pro p\u0159e\u017eit\u00ed pro malou skupinu(<strong>sociologicky i patologicky patrn\u011b dost jednotnou),kter\u00e1 je ov\u0161em pro v\u011bt\u0161inu spole\u010dnosti naprosto k nepot\u0159eb\u011b a sotva j\u00ed n\u011b\u010d\u00edm oslov\u00ed.&#8220;<\/strong><\/em><\/p>\n<p>Jan B\u00e1rta \u0159editel ob\u010dansk\u00e9ho sdru\u017een\u00ed ADRA<\/p>\n","protected":false},"excerpt":{"rendered":"<p>Psala mi dnes jedna hodn\u00e1 sestra, kter\u00e1 si mysl\u00ed, \u017ee v adventismu je na\u0161t\u011bst\u00ed v\u011bt\u0161ina \u010dlen\u016f norm\u00e1ln\u00edch. P\u0159ikl\u00e1d\u00e1m p\u00e1r citac\u00ed (a naschv\u00e1l od \u010dlen\u016f CASD),abych pouk\u00e1zal na to, \u017ee : nen\u00ed mo\u017enost &#8222;dodr\u017eovat&#8220; a b\u00fdt norm\u00e1ln\u00ed v samotn\u00e9m DNA nikdy &hellip; <a href=\"https:\/\/www.cestaviry.cz\/?p=1482\">Cel\u00fd p\u0159\u00edsp\u011bvek <span class=\"meta-nav\">&rarr;<\/span><\/a><\/p>\n","protected":false},"author":2,"featured_media":0,"comment_status":"closed","ping_status":"open","sticky":false,"template":"","format":"standard","meta":[],"categories":[1],"tags":[],"_links":{"self":[{"href":"https:\/\/www.cestaviry.cz\/index.php?rest_route=\/wp\/v2\/posts\/1482"}],"collection":[{"href":"https:\/\/www.cestaviry.cz\/index.php?rest_route=\/wp\/v2\/posts"}],"about":[{"href":"https:\/\/www.cestaviry.cz\/index.php?rest_route=\/wp\/v2\/types\/post"}],"author":[{"embeddable":true,"href":"https:\/\/www.cestaviry.cz\/index.php?rest_route=\/wp\/v2\/users\/2"}],"replies":[{"embeddable":true,"href":"https:\/\/www.cestaviry.cz\/index.php?rest_route=%2Fwp%2Fv2%2Fcomments&post=1482"}],"version-history":[{"count":2,"href":"https:\/\/www.cestaviry.cz\/index.php?rest_route=\/wp\/v2\/posts\/1482\/revisions"}],"predecessor-version":[{"id":1486,"href":"https:\/\/www.cestaviry.cz\/index.php?rest_route=\/wp\/v2\/posts\/1482\/revisions\/1486"}],"wp:attachment":[{"href":"https:\/\/www.cestaviry.cz\/index.php?rest_route=%2Fwp%2Fv2%2Fmedia&parent=1482"}],"wp:term":[{"taxonomy":"category","embeddable":true,"href":"https:\/\/www.cestaviry.cz\/index.php?rest_route=%2Fwp%2Fv2%2Fcategories&post=1482"},{"taxonomy":"post_tag","embeddable":true,"href":"https:\/\/www.cestaviry.cz\/index.php?rest_route=%2Fwp%2Fv2%2Ftags&post=1482"}],"curies":[{"name":"wp","href":"https:\/\/api.w.org\/{rel}","templated":true}]}}