{"id":1090,"date":"2016-03-26T16:16:33","date_gmt":"2016-03-26T16:16:33","guid":{"rendered":"http:\/\/www.cestaviry.cz\/?p=1090"},"modified":"2016-03-27T08:34:04","modified_gmt":"2016-03-27T08:34:04","slug":"ztrata-viry","status":"publish","type":"post","link":"https:\/\/www.cestaviry.cz\/?p=1090","title":{"rendered":"Ztr\u00e1ta v\u00edry ?"},"content":{"rendered":"<p style=\"text-align: left;\">\u00a0 \u00a0Ob\u010das mi nap\u00ed\u0161\u00ed taky lid\u00e9, na kter\u00fdch se adventismus natolik podepsal, \u017ee formuluj\u00ed svoji v\u00edru v\u00a0Boha jako n\u011bco, o \u010dem u\u017e necht\u011bj\u00ed ani sly\u0161et. Maj\u00ed dojem, \u017ee svoji v\u00edru tot\u00e1ln\u011b ztratili.<\/p>\n<p style=\"text-align: left;\">\u00a0 \u00a0<strong>Je ot\u00e1zkou, jestli to, co ztratili, nebyly pouze n\u00e1bo\u017eensk\u00e9 iluze<\/strong>. Nen\u00ed divu, \u017ee se n\u011bkdo po letech postav\u00ed v\u0161em zbo\u017en\u00fdm p\u0159\u00edru\u010dk\u00e1m, asketick\u00fdm v\u00fdkon\u016fm a fr\u00e1z\u00edm. \u010casto i samotn\u00e9 u\u010den\u00ed \u017eiven\u00e9 moralistick\u00fdmi cit\u00e1ty E.G.Whiteov\u00e9 zavinilo svoji psychologickou naivitou vnit\u0159n\u00ed utrpen\u00ed a pok\u0159iven\u00ed osobnosti\u00a0 lid\u00ed,kte\u0159\u00ed by jinak ve vztahu k\u00a0Bohu byli fajn.<\/p>\n<p>\u00a0 Tak dlouho v\u00a0sob\u011b potla\u010dovali svoji individualitu, \u017ee to jednoho dne prost\u011b bouchlo a odneslo to i \u201ecel\u00e9 nebe\u201c. Jen jim bylo zatajov\u00e1no ono <em>gratia supponit naturam-<\/em> to \u017ee milost p\u0159edpokl\u00e1d\u00e1 p\u0159irozenost.<\/p>\n<p>P\u0159irozenost v\u00a0hled\u00e1n\u00ed, pokl\u00e1d\u00e1n\u00ed ot\u00e1zek, pochybov\u00e1n\u00ed, v\u00a0p\u00e1dech\u2026.<\/p>\n<p><a href=\"http:\/\/www.cestaviry.cz\/wp-content\/uploads\/2016\/03\/TOP-185.jpeg\" rel=\"attachment wp-att-1091\"><img decoding=\"async\" loading=\"lazy\" class=\"alignnone wp-image-1091\" src=\"http:\/\/www.cestaviry.cz\/wp-content\/uploads\/2016\/03\/TOP-185-1024x640.jpeg\" alt=\"TOP 185\" width=\"420\" height=\"266\" \/><\/a><\/p>\n<p style=\"text-align: left;\">\u00a0 \u00a0Douf\u00e1n\u00ed v\u00a0syst\u00e9m, kter\u00fd sice vyd\u00e1val zvuky, to\u010dil se, blikal v\u00a0napln\u011bn\u00fdch programech, ale tak n\u011bjak se m\u00edjel s\u00a0osobn\u00edm P\u00e1nem Bohem. Pokud je toto ztr\u00e1ta, pak nen\u00ed \u010deho litovat. V ur\u010dit\u00e9 dob\u011b m\u016f\u017ee b\u00fdt \u010dir\u00fd ateismus, ono dotknut\u00ed se dna platformou, kdy\u00a0ml\u010den\u00ed a \u201eskryt\u00ed Boha\u201c je to jedin\u00e9 co se m\u016f\u017ee dotknout na\u0161eho vnit\u0159n\u00edho <em>j\u00e1<\/em>.<\/p>\n<p style=\"text-align: left;\">\u00a0 Pro\u010d o tom p\u00ed\u0161u? Ur\u010dit\u011b nechci d\u011blat advok\u00e1ta P\u00e1nu Bohu a stav\u011bt se do role Jobov\u00fdch p\u0159\u00e1tel. Jen jsem cht\u011bl \u010dten\u00e1\u0159e (snad) povzbudit, \u017ee rozpadl\u00fd obraz, kter\u00fd n\u011bkdo doposud o Bohu m\u011bl, se nemus\u00ed vej\u00edt od r\u00e1mu ideologi\u00ed a n\u00e1bo\u017eensk\u00fdch \u00fakon\u016f jedn\u00e9 \u010di druh\u00e9 c\u00edrkve.<\/p>\n<p style=\"text-align: left;\">\u00a0 Po vzoru chasid\u016f, klidn\u011b Bohu za\u017ealujte, vyk\u0159i\u010dte, vynadejte, \u017ee V\u00e1s \u201ezklamal\u201c. On to snese. On, kter\u00fd V\u00e1s m\u00e1 bezpodm\u00edne\u010dn\u011b r\u00e1d-m\u00e1 r\u00e1d i V\u00e1\u0161 ryz\u00ed ateismus, v\u00edc ne\u017e ur\u010dit\u00fd duchovn\u00ed stript\u00fdz, na jeho\u017e konci se \u010dlov\u011bk c\u00edt\u00ed b\u00fdt chud\u00fd, podveden\u00fd a okraden\u00fd o svoji intimitu.<\/p>\n<p>&nbsp;<\/p>\n<h1>\u00a0 \u00a0 \u00a0 \u00a0 &#8222;<em>Mo\u017en\u00e1 jsme zv\u011bstovali Boha hodn\u00e9ho \u00facty a klan\u011bn\u00ed, av\u0161ak nikoli<\/em><\/h1>\n<p><strong><em>Boha, kter\u00fd strhuje a plete se n\u00e1m do \u017eivota, sm\u011bje se a hraje si se sv\u00fdmi d\u011btmi.&#8220;<\/em><\/strong><\/p>\n<p style=\"text-align: right;\">\u00a0 \u00a0 \u00a0 \u00a0 \u00a0 \u00a0 \u00a0 \u00a0 \u00a0 \u00a0 \u00a0 \u00a0 \u00a0 \u00a0 \u00a0 \u00a0 \u00a0 \u00a0 \u00a0 \u00a0 \u00a0 \u00a0 \u00a0 \u00a0 \u00a0 \u00a0 \u00a0 \u00a0 \u00a0 \u00a0 \u00a0 \u00a0 \u00a0 \u00a0 \u00a0 \u00a0 \u00a0 \u00a0 \u00a0 \u00a0 \u00a0 \u00a0 \u00a0 \u00a0 \u00a0 \u00a0Radio Vaticana<\/p>\n<p><em>\u00a0<\/em><\/p>\n<p style=\"text-align: right;\"><em>\u00a0\u00a0\u00a0\u00a0\u00a0\u00a0\u00a0\u00a0\u00a0\u00a0\u00a0\u00a0\u00a0\u00a0\u00a0\u00a0\u00a0\u00a0\u00a0\u00a0\u00a0\u00a0\u00a0\u00a0\u00a0\u00a0\u00a0\u00a0\u00a0\u00a0\u00a0\u00a0\u00a0\u00a0\u00a0\u00a0\u00a0\u00a0\u00a0\u00a0\u00a0\u00a0\u00a0\u00a0\u00a0\u00a0\u00a0\u00a0\u00a0\u00a0\u00a0\u00a0<\/em><\/p>\n","protected":false},"excerpt":{"rendered":"<p>\u00a0 \u00a0Ob\u010das mi nap\u00ed\u0161\u00ed taky lid\u00e9, na kter\u00fdch se adventismus natolik podepsal, \u017ee formuluj\u00ed svoji v\u00edru v\u00a0Boha jako n\u011bco, o \u010dem u\u017e necht\u011bj\u00ed ani sly\u0161et. Maj\u00ed dojem, \u017ee svoji v\u00edru tot\u00e1ln\u011b ztratili. \u00a0 \u00a0Je ot\u00e1zkou, jestli to, co ztratili, nebyly &hellip; <a href=\"https:\/\/www.cestaviry.cz\/?p=1090\">Cel\u00fd p\u0159\u00edsp\u011bvek <span class=\"meta-nav\">&rarr;<\/span><\/a><\/p>\n","protected":false},"author":2,"featured_media":0,"comment_status":"closed","ping_status":"open","sticky":false,"template":"","format":"standard","meta":[],"categories":[1],"tags":[],"_links":{"self":[{"href":"https:\/\/www.cestaviry.cz\/index.php?rest_route=\/wp\/v2\/posts\/1090"}],"collection":[{"href":"https:\/\/www.cestaviry.cz\/index.php?rest_route=\/wp\/v2\/posts"}],"about":[{"href":"https:\/\/www.cestaviry.cz\/index.php?rest_route=\/wp\/v2\/types\/post"}],"author":[{"embeddable":true,"href":"https:\/\/www.cestaviry.cz\/index.php?rest_route=\/wp\/v2\/users\/2"}],"replies":[{"embeddable":true,"href":"https:\/\/www.cestaviry.cz\/index.php?rest_route=%2Fwp%2Fv2%2Fcomments&post=1090"}],"version-history":[{"count":4,"href":"https:\/\/www.cestaviry.cz\/index.php?rest_route=\/wp\/v2\/posts\/1090\/revisions"}],"predecessor-version":[{"id":1095,"href":"https:\/\/www.cestaviry.cz\/index.php?rest_route=\/wp\/v2\/posts\/1090\/revisions\/1095"}],"wp:attachment":[{"href":"https:\/\/www.cestaviry.cz\/index.php?rest_route=%2Fwp%2Fv2%2Fmedia&parent=1090"}],"wp:term":[{"taxonomy":"category","embeddable":true,"href":"https:\/\/www.cestaviry.cz\/index.php?rest_route=%2Fwp%2Fv2%2Fcategories&post=1090"},{"taxonomy":"post_tag","embeddable":true,"href":"https:\/\/www.cestaviry.cz\/index.php?rest_route=%2Fwp%2Fv2%2Ftags&post=1090"}],"curies":[{"name":"wp","href":"https:\/\/api.w.org\/{rel}","templated":true}]}}