{"id":1041,"date":"2016-01-21T16:26:02","date_gmt":"2016-01-21T16:26:02","guid":{"rendered":"http:\/\/www.cestaviry.cz\/?p=1041"},"modified":"2016-01-21T16:26:02","modified_gmt":"2016-01-21T16:26:02","slug":"kreslo-pro-hosta","status":"publish","type":"post","link":"https:\/\/www.cestaviry.cz\/?p=1041","title":{"rendered":"K\u0159eslo pro hosta"},"content":{"rendered":"<p><strong>P\u0159edstavme si fiktivn\u00ed rozhovor, jak\u00e9 by to asi bylo, kdybychom pozvali na rozhovor Tom\u00e1\u0161e Hal\u00edka.<\/strong><\/p>\n<p>\u010casto je v\u011b\u0159\u00edc\u00edm v u\u010den\u00ed vyt\u00fdk\u00e1no nebo si i sami sob\u011b tento stav navozuj\u00ed, \u017ee pokud maj\u00ed pochybnosti, ot\u00e1zky, nemaj\u00ed v\u00edru. Co vy na to ?<\/p>\n<p><em>\u00a0 <\/em><em>B\u00fdt \u201ev\u011b\u0159\u00edc\u00ed\u201d neznamen\u00e1 nav\u017edy odhodit b\u0159emeno pal\u010div\u00fdch ot\u00e1zek. N\u011bkdy to znamen\u00e1 vz\u00edt na sebe k\u0159\u00ed\u017e pochybnost\u00ed a i s n\u00edm Jej v\u011brn\u011b n\u00e1sledovat. S\u00edla v\u00edry nen\u00ed v \u201eneot\u0159esitelnosti p\u0159esv\u011bd\u010den\u00ed\u201d, n\u00fdbr\u017e ve schopnosti un\u00e9st i pochybnosti, nejasnosti, sn\u00e1\u0161et t\u00edhu tajemstv\u00ed \u2013 a p\u0159itom zachovat v\u011brnost a nad\u011bji.<\/em><\/p>\n<p>&nbsp;<\/p>\n<p>N\u011bkter\u00e9 c\u00edrkve i n\u00e1bo\u017eensk\u00e9 organizace si n\u00e1rokuj\u00ed vstup k Bohu jen skrze n\u011b. Je to norm\u00e1ln\u00ed?<\/p>\n<p><em>\u00a0<\/em><em>\u00a0\u00a0 <\/em><em>\u201eNikdo nep\u0159ich\u00e1z\u00ed k Otci ne\u017e skrze mne.\u201d Tuto Je\u017e\u00ed\u0161ovu v\u011btu s oblibou cituj\u00ed k\u0159es\u0165an\u0161t\u00ed fundamentalist\u00e9 a \u201eexkluzivist\u00e9\u201d. S jej\u00ed pomoc\u00ed tito samozvan\u00ed str\u00e1\u017eci br\u00e1ny nebesk\u00e9ho kr\u00e1lovstv\u00ed \u010din\u00ed z Je\u017e\u00ed\u0161ova jm\u00e9na \u0161ibolet, slou\u017e\u00edc\u00ed k jednoduch\u00e9mu rozezn\u00e1v\u00e1n\u00ed a vylu\u010dov\u00e1n\u00ed p\u0159edem zavr\u017een\u00fdch.<\/em><\/p>\n<p>&nbsp;<\/p>\n<p>Je velik\u00fd rozd\u00edl mezi v\u00edrou a by\u0165 i aktivn\u00edm n\u00e1bo\u017eenstv\u00edm ?<\/p>\n<p><em>\u00a0 Na to je p\u011bkn\u00fd v\u00fdrok Luthera Karla Bartha. V\u00edra, otv\u00edraj\u00edc\u00ed se Bo\u017e\u00edmu slovu, oslovuj\u00edc\u00edmu a zachra\u0148uj\u00edc\u00edmu n\u00e1s v Je\u017e\u00ed\u0161i a jeho k\u0159\u00ed\u017ei, je podle n\u011bj prav\u00fdm opakem n\u00e1bo\u017eenstv\u00ed, kter\u00e9 se chce (marn\u011b, po\u0161etile a rouhav\u011b) vy\u0161plhat k Bohu po \u017eeb\u0159\u00edku vlastn\u00edch teologick\u00fdch konstrukc\u00ed, zbo\u017en\u00fdch fantazi\u00ed \u010di jin\u00fdch intelektu\u00e1ln\u00edch nebo mor\u00e1ln\u00edch v\u00fdkon\u016f a z\u00e1sluh.<\/em><\/p>\n<p><a href=\"http:\/\/www.cestaviry.cz\/wp-content\/uploads\/2016\/01\/crop-112443-4e4e68d849d5f-halik.jpg\" rel=\"attachment wp-att-1042\"><img decoding=\"async\" loading=\"lazy\" class=\" wp-image-1042\" src=\"http:\/\/www.cestaviry.cz\/wp-content\/uploads\/2016\/01\/crop-112443-4e4e68d849d5f-halik.jpg\" alt=\"Tom\u00e1\u009a Hal\u00edk, katolick\u00fd kn\u00ecz, filozof, slan\u00fd, c\u00edrkev, p\u00f8edn\u00e1\u009aka a m\u009ae, 14.12.2011\" width=\"431\" height=\"212\" \/><\/a><\/p>\n<p>Jak se d\u00edv\u00e1te na pojem evangelizace a misie, kter\u00e1 je pro mnoh\u00e9 \u010dleny velkou frustrac\u00ed ?<\/p>\n<p><em>\u00a0 \u00a0\u00a0<\/em><em>Star\u00e9 mluven\u00ed o Bohu se stalo nesrozumiteln\u00fdm a nev\u011brohodn\u00fdm: nedok\u00e1zali jsme j\u00edm p\u0159im\u011bt sv\u011bt ani samy sebe k dostate\u010dn\u00e9mu probuzen\u00ed sv\u011bdom\u00ed tv\u00e1\u0159\u00ed v tv\u00e1\u0159 n\u00e1sil\u00ed, l\u017ei a pokrytectv\u00ed, mnohdy jsme j\u00edm uklid\u0148ovali a usp\u00e1vali, kde jsme m\u011bli zneklid\u0148ovat a burcovat, mnohdy na\u0161e slova ztratila onu ostrou chu\u0165 soli a tak se stala bezcenn\u00fdmi. Proto \u201eB\u016fh zem\u0159el\u201d v na\u0161\u00ed kultu\u0159e, v jazyku na\u0161ich sou\u010dasn\u00edk\u016f; \u201emy jsme ho zabili\u201d t\u00edm, \u017ee jsme jeho jm\u00e9no vypr\u00e1zdnili a znev\u011brohodnili, \u017ee jsme ho psali na sv\u00e9 v\u00e1le\u010dn\u00e9 prapory, <strong>vpa\u0161ov\u00e1vali ho jako reklamn\u00ed trik do projev\u016f politick\u00e9 propagandy vlastn\u00edch mocensk\u00fdch z\u00e1jm\u016f, u\u0161pinili jsme ho v bro\u017eurk\u00e1ch upocen\u00e9ho \u201edokazov\u00e1n\u00ed\u201d a v be\u010dk\u00e1ch bigotn\u00ed b\u0159e\u010dky o\u0161oupan\u00fdch sentiment\u00e1ln\u00edch fr\u00e1z\u00ed.<\/strong><\/em><\/p>\n<p><em>\u00a0<\/em><\/p>\n<p>&nbsp;<\/p>\n<p><em>\u00a0<\/em>\u00a0Dnes je velmi modern\u00ed mezi kreacionisty dohadov\u00e1n\u00ed ohledn\u011b prvn\u00edch kapitol bible na doslovn\u00e9m zn\u011bn\u00ed textu. M\u00e1 to n\u011bjakou v\u00e1hu ?<\/p>\n<p><em>\u00a0 \u00a0<\/em><em>Je mi l\u00edto biblick\u00fdch fundamentalist\u016f, \u017ee jim lp\u011bn\u00ed na povrchn\u00edm, \u201edoslovn\u00e9m v\u00fdkladu\u201d zakr\u00fdv\u00e1 skute\u010dnou hloubku a bohatost v\u00fdznam\u016f biblick\u00e9ho textu. <\/em><\/p>\n<p><em>\u00a0<\/em><em>P\u0159\u00edli\u0161 pr\u016fhledn\u00fd B\u016fh fundamentalistick\u00fdch kreacionist\u016f, kter\u00fd je za \u0161est dn\u00ed hotov se sv\u00fdm d\u00edlem, p\u0159esn\u011b stejn\u011b jako zbo\u017e\u0161t\u011bn\u00e1 slep\u00e1 N\u00e1hoda, kter\u00e1 je p\u0159\u00edli\u0161 brzy hotova se zv\u00eddav\u00fdmi ot\u00e1zkami po hlub\u0161\u00edm smyslu tohoto d\u011bn\u00ed, pro mne p\u0159edstavuj\u00ed dva velmi neatraktivn\u00ed p\u0159edm\u011bty v\u00edry a uct\u00edv\u00e1n\u00ed.<\/em><\/p>\n<p><em>\u00a0<\/em><\/p>\n<p><em>\u00a0<\/em><\/p>\n<p><em>\u00a0<\/em>\u00a0Hodn\u011b se prod\u00e1vaj\u00ed bro\u017eurky a sd\u00edlej\u00ed na internetu mezi v\u011b\u0159\u00edc\u00edmi se \u201czaru\u010den\u00fdmi zpr\u00e1vami\u201co tajemn\u00fdch spiknut\u00edch. Je to \u017eivn\u00e1 p\u016fda pro v\u00edru ?<\/p>\n<p><em>\u00a0 \u00a0<\/em><em>K\u0159es\u0165an\u0161t\u00ed fundamentalist\u00e9, kter\u00e9 ostatn\u011b pr\u00e1v\u011b tento fanatismus krajn\u00edho sekularistick\u00e9ho fundamentalismu b\u00e1je\u010dn\u011b udr\u017euje p\u0159i \u017eivot\u011b a dod\u00e1v\u00e1 jim zd\u00e1n\u00ed legitimity, r\u00e1di hledaj\u00ed za t\u011bmito snahami temn\u00e1 spiknut\u00ed tajn\u00fdch spole\u010dnost\u00ed (zedn\u00e1\u0159\u016f, nov\u011bji \u2013 zejm\u00e9na v textech \u201echarismatik\u016f\u201d \u2013 hnut\u00ed New Age apod.). Ob\u00e1v\u00e1m se, \u017ee tyto snahy ve skute\u010dnosti ko\u0159en\u00ed je\u0161t\u011b daleko hloub\u011bji, ne\u017e dohl\u00e9dnou paranoidn\u00ed teorie o v\u0161udyp\u0159\u00edtomn\u00e9m spiknut\u00ed, \u2013 toti\u017e v jist\u00fdch propastech lidsk\u00e9ho srdce, kam osvobozuj\u00edc\u00ed moc Uk\u0159i\u017eovan\u00e9ho, o jeho\u017e pouti \u0159\u00ed\u0161\u00ed temnot rozj\u00edm\u00e1 c\u00edrkev na B\u00edlou sobotu, dosud nedostoupila.<\/em><\/p>\n<p>&nbsp;<\/p>\n<p><em>\u00a0<\/em>A tak m\u00e1 cenu toto vyhled\u00e1vat a sd\u00edlet ?<\/p>\n<p><em>\u00a0<\/em><em>Mo\u017en\u00e1 by se k\u0159es\u0165an\u00e9 nam\u00edsto obsesivn\u00edho hled\u00e1n\u00ed maskovan\u00fdch agent\u016f temn\u00fdch sil, cht\u011bj\u00edc\u00edch rafinovan\u011b podvr\u00e1tit \u201ena\u0161e n\u00e1bo\u017eenstv\u00ed\u201d, m\u011bli sami sna\u017eit o to, aby n\u011bkdy u\u017e vy\u010dp\u011bl\u00e9 formy n\u00e1bo\u017eenstv\u00ed byly v na\u0161\u00ed kultu\u0159e a spole\u010dnosti naru\u0161eny <strong>\u201epodvratnou moc\u00ed\u201d evangelia.<\/strong><\/em><\/p>\n<p><em>\u00a0 <\/em><\/p>\n<p>&nbsp;<\/p>\n<p><em>\u00a0 <\/em><em>D\u011bkuji za rozhovor. <\/em><em>\u00a0 \u00a0 \u00a0 \u00a0 \u00a0 \u00a0 \u00a0 \u00a0 \u00a0 \u00a0 \u00a0 \u00a0 \u00a0 \u00a0 \u00a0 \u00a0 (citace p\u0159evzaty z knihy T.Hal\u00edka -Dotkni se ran)<\/em><\/p>\n","protected":false},"excerpt":{"rendered":"<p>P\u0159edstavme si fiktivn\u00ed rozhovor, jak\u00e9 by to asi bylo, kdybychom pozvali na rozhovor Tom\u00e1\u0161e Hal\u00edka. \u010casto je v\u011b\u0159\u00edc\u00edm v u\u010den\u00ed vyt\u00fdk\u00e1no nebo si i sami sob\u011b tento stav navozuj\u00ed, \u017ee pokud maj\u00ed pochybnosti, ot\u00e1zky, nemaj\u00ed v\u00edru. Co vy na to &hellip; <a href=\"https:\/\/www.cestaviry.cz\/?p=1041\">Cel\u00fd p\u0159\u00edsp\u011bvek <span class=\"meta-nav\">&rarr;<\/span><\/a><\/p>\n","protected":false},"author":2,"featured_media":0,"comment_status":"closed","ping_status":"open","sticky":false,"template":"","format":"standard","meta":[],"categories":[8],"tags":[],"_links":{"self":[{"href":"https:\/\/www.cestaviry.cz\/index.php?rest_route=\/wp\/v2\/posts\/1041"}],"collection":[{"href":"https:\/\/www.cestaviry.cz\/index.php?rest_route=\/wp\/v2\/posts"}],"about":[{"href":"https:\/\/www.cestaviry.cz\/index.php?rest_route=\/wp\/v2\/types\/post"}],"author":[{"embeddable":true,"href":"https:\/\/www.cestaviry.cz\/index.php?rest_route=\/wp\/v2\/users\/2"}],"replies":[{"embeddable":true,"href":"https:\/\/www.cestaviry.cz\/index.php?rest_route=%2Fwp%2Fv2%2Fcomments&post=1041"}],"version-history":[{"count":1,"href":"https:\/\/www.cestaviry.cz\/index.php?rest_route=\/wp\/v2\/posts\/1041\/revisions"}],"predecessor-version":[{"id":1043,"href":"https:\/\/www.cestaviry.cz\/index.php?rest_route=\/wp\/v2\/posts\/1041\/revisions\/1043"}],"wp:attachment":[{"href":"https:\/\/www.cestaviry.cz\/index.php?rest_route=%2Fwp%2Fv2%2Fmedia&parent=1041"}],"wp:term":[{"taxonomy":"category","embeddable":true,"href":"https:\/\/www.cestaviry.cz\/index.php?rest_route=%2Fwp%2Fv2%2Fcategories&post=1041"},{"taxonomy":"post_tag","embeddable":true,"href":"https:\/\/www.cestaviry.cz\/index.php?rest_route=%2Fwp%2Fv2%2Ftags&post=1041"}],"curies":[{"name":"wp","href":"https:\/\/api.w.org\/{rel}","templated":true}]}}