{"id":9,"date":"2013-01-28T17:45:49","date_gmt":"2013-01-28T17:45:49","guid":{"rendered":"http:\/\/localhost\/byvaliadventiste\/?p=9"},"modified":"2013-01-28T17:45:49","modified_gmt":"2013-01-28T17:45:49","slug":"vysetrujici-soud","status":"publish","type":"post","link":"http:\/\/www.cestaviry.cz\/?p=9","title":{"rendered":"Vy\u0161et\u0159uj\u00edc\u00ed soud"},"content":{"rendered":"<div style=\"text-align: justify;\">Zjistili jsme, \u017ee v nebi v r. 1844 neza\u010dal prob\u00edhat \u017e\u00e1dn\u00fd vy\u0161et\u0159uj\u00edc\u00ed soud. Dan 8,14 nem\u00e1 souvislost se Dnem sm\u00ed\u0159en\u00ed (a tedy ani s vy\u0161et\u0159ovac\u00edm soudem), proto\u017ee neexistuje \u017e\u00e1dn\u00e9 prokazateln\u00e9 teologick\u00e9 propojen\u00ed mezi Lv 16. kap a Dan 8,14. D\u00e1le: v knize Daniel je v\u017edy jedno zv\u00ed\u0159e \u010di prvek (st\u0159\u00edbro, zlato) symbolem jednoho kr\u00e1lovstv\u00ed. V 8. kapitole knihy Daniel se mluv\u00ed o beranu a kozlu, jsou zde pouze dv\u011b zv\u00ed\u0159ata, dv\u011b kr\u00e1lovstv\u00ed, M\u00e9do-Persie a \u0158ecko. Nen\u00ed zde \u017e\u00e1dn\u00e9 dal\u0161\u00ed zv\u00ed\u0159e, kter\u00e9 by symbolizovalo n\u00e1sleduj\u00edc\u00ed (\u0159\u00edmskou) \u0159\u00ed\u0161i a mali\u010dk\u00fd roh nevyr\u016fst\u00e1 z \u0159\u00edmsk\u00e9 \u0159\u00ed\u0161e, jak adventist\u00e9 u\u010d\u00ed, n\u00fdbr\u017e z \u0159eck\u00e9. Jedn\u00e1 se o proroctv\u00ed o Antiochu IV. Epifanovi, kter\u00fd se v obrovsk\u00e9m rozsahu pokusil zni\u010dit \u017eidovsk\u00fd n\u00e1rod, ne o pohansk\u00fd a posl\u00e9ze katolick\u00fd \u0158\u00edm.<\/div>\n<div style=\"text-align: justify;\">V Nov\u00e9m z\u00e1kon\u011b vid\u00edme, \u017ee Kristus ve\u0161el do svatyn\u011b svat\u00fdch ihned po sv\u00e9m nanebevstoupen\u00ed a ne a\u017e v r. 1844. (\u017dd 6,19-20) a na\u0161e h\u0159\u00edchy jsou n\u00e1m definitivn\u011b odpu\u0161t\u011bny a smaz\u00e1ny ji\u017e nyn\u00ed, kdy\u017e je vyzn\u00e1v\u00e1me, a ne a\u017e v pr\u016fb\u011bhu n\u011bjak\u00e9ho vy\u0161et\u0159ovac\u00edho soudu (1J 1,9; Ef 2,13.14; \u017dd 8,12).<\/div>\n<div style=\"text-align: justify;\">Toto u\u010den\u00ed, navzdory rostouc\u00edmu n\u00e1tlaku v periodik\u00e1ch CASD, v\u011bt\u0161ina \u010dlen\u016f ani nezn\u00e1, nato\u017e aby je vn\u00edmala jako d\u016fle\u017eit\u00e9 &#8211; viz v\u00fdsledky ned\u00e1vn\u00e9 ankety \u201eSborov\u00fd \u0159\u00e1d a c\u00edrkevn\u00ed praxe\u201c.<\/div>\n","protected":false},"excerpt":{"rendered":"<p>Zjistili jsme, \u017ee v nebi v r. 1844 neza\u010dal prob\u00edhat \u017e\u00e1dn\u00fd vy\u0161et\u0159uj\u00edc\u00ed soud. Dan 8,14 nem\u00e1 souvislost se Dnem sm\u00ed\u0159en\u00ed (a tedy ani s vy\u0161et\u0159ovac\u00edm soudem), proto\u017ee neexistuje \u017e\u00e1dn\u00e9 prokazateln\u00e9 teologick\u00e9 propojen\u00ed mezi Lv 16. kap a Dan 8,14. D\u00e1le: &hellip; <a href=\"http:\/\/www.cestaviry.cz\/?p=9\">Cel\u00fd p\u0159\u00edsp\u011bvek <span class=\"meta-nav\">&rarr;<\/span><\/a><\/p>\n","protected":false},"author":1,"featured_media":0,"comment_status":"closed","ping_status":"open","sticky":false,"template":"","format":"standard","meta":[],"categories":[3],"tags":[],"_links":{"self":[{"href":"http:\/\/www.cestaviry.cz\/index.php?rest_route=\/wp\/v2\/posts\/9"}],"collection":[{"href":"http:\/\/www.cestaviry.cz\/index.php?rest_route=\/wp\/v2\/posts"}],"about":[{"href":"http:\/\/www.cestaviry.cz\/index.php?rest_route=\/wp\/v2\/types\/post"}],"author":[{"embeddable":true,"href":"http:\/\/www.cestaviry.cz\/index.php?rest_route=\/wp\/v2\/users\/1"}],"replies":[{"embeddable":true,"href":"http:\/\/www.cestaviry.cz\/index.php?rest_route=%2Fwp%2Fv2%2Fcomments&post=9"}],"version-history":[{"count":0,"href":"http:\/\/www.cestaviry.cz\/index.php?rest_route=\/wp\/v2\/posts\/9\/revisions"}],"wp:attachment":[{"href":"http:\/\/www.cestaviry.cz\/index.php?rest_route=%2Fwp%2Fv2%2Fmedia&parent=9"}],"wp:term":[{"taxonomy":"category","embeddable":true,"href":"http:\/\/www.cestaviry.cz\/index.php?rest_route=%2Fwp%2Fv2%2Fcategories&post=9"},{"taxonomy":"post_tag","embeddable":true,"href":"http:\/\/www.cestaviry.cz\/index.php?rest_route=%2Fwp%2Fv2%2Ftags&post=9"}],"curies":[{"name":"wp","href":"https:\/\/api.w.org\/{rel}","templated":true}]}}