{"id":852,"date":"2015-08-18T11:38:49","date_gmt":"2015-08-18T11:38:49","guid":{"rendered":"http:\/\/www.cestaviry.cz\/?p=852"},"modified":"2015-08-18T13:58:29","modified_gmt":"2015-08-18T13:58:29","slug":"demytizace-polopravd-o-katolicke-cirkvi","status":"publish","type":"post","link":"http:\/\/www.cestaviry.cz\/?p=852","title":{"rendered":"Dem\u00fdtizace polopravd o katolick\u00e9 c\u00edrkvi"},"content":{"rendered":"<p>Po ka\u017ed\u00e9 mne udivovalo, \u017ee hnac\u00ed motor adventismu byl v\u017edy \u201espole\u010dn\u00fd nep\u0159\u00edtel.\u201cTak jako by neposta\u010dovalo Bo\u017e\u00ed slovo a radost z\u00a0evangelia. A tak nen\u00ed divu, \u017ee u\u010den\u00ed je postaven\u00e9 na definic\u00edch nep\u0159\u00e1tel v podob\u011b satana, kter\u00e9mu je v\u011bnov\u00e1no v periodik\u00e1ch a spisech E.G.Whiteov\u00e9 nemal\u00fd prostor, a\u017e po nen\u00e1vistn\u00e9 v\u00fdroky v\u016f\u010di katolick\u00e9 c\u00edrkvi.<\/p>\n<p>\u010clenov\u00e9 \u010dasto nev\u011bdouce reprodukuj\u00ed paranoidn\u00ed zpr\u00e1vy o spiknut\u00edch, pron\u00e1sledov\u00e1n\u00edch a t\u011bch (a te\u010f cituji p\u0159esn\u011b): \u201ekte\u0159\u00ed sed\u00ed na stolici satanov\u011b.\u201c Pokusme se v\u00a0n\u011bkolika bodech porovnat tvrzen\u00ed Adventismu versus s katolickou c\u00edrkv\u00ed.<\/p>\n<blockquote><p><strong>\u00a0\u0160elma<\/strong><\/p>\n<p><strong>Toto je tvrzen\u00ed adventismu<\/strong><\/p>\n<p>\u0160elma je sv\u011btovou, vlivnou moc\u00ed. (Zj 13,3.7) Nikdo nem\u016f\u017ee pop\u0159\u00edt, \u017ee pape\u017estv\u00ed ve st\u0159edov\u011bku bylo opravdu sv\u011btovou moc\u00ed, a tak spl\u0148uje charakteristiku podanou v\u00a0proroctv\u00ed.<\/p><\/blockquote>\n<p>&nbsp;<\/p>\n<p>&nbsp;<\/p>\n<p>Form\u00e1ln\u011b sv\u011btsk\u00e1 vl\u00e1da pape\u017e\u016f \u2013 instituce pape\u017estv\u00ed existovala od poloviny 8.stolet\u00ed\u2013 prakticky p\u0159estala existovat v\u00a0dob\u011b likvidace c\u00edrkevn\u00ed vl\u00e1dy v\u00a0roce 1870 a tato sv\u011btsk\u00e1 vl\u00e1da pape\u017e\u016f se omezila do \u010d\u00e1sti \u0158\u00edma \u2013 Vatik\u00e1nu. V\u00a0tomto obdob\u00ed 756-1870 pape\u017estv\u00ed nehr\u00e1lo roli sv\u011btov\u00e9 moci. Nebylo to tak ani za st\u0159edov\u011bku. Tenkr\u00e1t byly vlivy pape\u017estv\u00ed zn\u00e1m\u00e9 \u2013 ale jen v\u00a0z\u00e1padn\u00ed Evrop\u011b. <strong>Cel\u00e9 velk\u00e9 kontinenty: v\u00fdchodn\u00ed Evropa, Afrika, Asie a ob\u011b Ameriky ve st\u0159edov\u011bku o pape\u017estv\u00ed a jeho sv\u011btov\u00e9 neskute\u010dn\u00e9 moci nic nesly\u0161ely.<\/strong> Zat\u00edm je tento argument naprosto nedosa\u017eiteln\u00fd .<\/p>\n<p><strong>Pokud bychom cht\u011bli zn\u00e1sil\u0148ovat text a vid\u011bt v\u00a0n\u011bm sv\u00e9 projekce m\u016f\u017eeme tvrdit nap\u0159.:<\/strong><\/p>\n<p>&#8211; pr\u00e1v\u011b adventismus se stal sv\u011btovou a vlivnou moc\u00ed. \u00a0\u201e<em>C\u00edrkev Adventist\u016f nen\u00ed jen instituc\u00ed, i kdy\u017e p\u0159ipisuje velkou v\u00e1hu c\u00edrkevn\u00edmu po\u0159\u00e1dku, p\u0159esto je hnut\u00edm a to hnut\u00edm d\u016fle\u017eit\u00fdm a pru\u017en\u00fdm. Ji\u017e nyn\u00ed (1987) je tomuto hnut\u00ed teoretick\u00fdm z\u00e1sahem c\u00edrkve p\u0159ipraveno znamen\u00ed univers\u00e1ln\u00ed a sv\u011btov\u00e9 c\u00edrkve. Zopakujme je\u0161t\u011b jednou: jestli vezmeme, \u017ee v\u00a0roce 1987 na sv\u011bt\u011b existovalo \u2013 jak uv\u00e1d\u011bj\u00ed statistiky ONZ \u2013 255 kraj\u016f, tak c\u00edrkev Adventist\u016f vykon\u00e1vala form\u00e1ln\u011b sv\u00e9 d\u00edlo ve 184 kraj\u00edch obsahuj\u00edc\u00edch 4.734.737.000 lid\u00ed sv\u011bta. <\/em><\/p>\n<p>Skrze adventisty ohla\u0161ovan\u00e9 datace po\u010d\u00e1tku a konce dominace pape\u017estv\u00ed nemaj\u00ed nic spole\u010dn\u00e9ho se skute\u010dnost\u00ed a jsou n\u00e1sledkem d\u011bjinn\u00fdmi manipula\u010dn\u00edmi fakty. Jak jsem ji\u017e napsal, sv\u011btsk\u00e1 vl\u00e1da pape\u017e\u016f za\u010d\u00edn\u00e1 v\u00a0polovin\u011b 8.stol., v\u00a0dob\u011b vzniku n\u00e1bo\u017eensk\u00e9ho st\u00e1tu. Adventist\u00e9 toto datum p\u0159emis\u0165uj\u00ed na rok 538 \u2013 na datum kdy se nestalo <strong>nic.<\/strong><\/p>\n<blockquote><p>\u0160elma obdr\u017eela <strong>smrtelnou r\u00e1nu<\/strong>, kter\u00e1 byla uzdravena (Zj 13,3). Tehdy za n\u00ed \u0161el cel\u00fd sv\u011bt. Pape\u017estv\u00ed bylo zran\u011bno, co\u017e byla smrteln\u00e1 r\u00e1na, kdy\u017e v\u00a0roce 1798 Berthier, gener\u00e1l Napoleona, uv\u011bznil pape\u017ee, kter\u00fd za dva roky zem\u0159el. (\u2026)<\/p>\n<p>Polovina Evropy si myslela, \u017ee tato p\u0159\u00edhoda p\u0159inesla konec pape\u017estv\u00ed. P\u0159esto B\u016fh p\u0159edpov\u011bd\u011bl, \u017ee r\u00e1na bude uzdravena, \u017ee vliv pape\u017estv\u00ed bude r\u016fst a\u017e do doby, kdy sv\u011bt p\u016fjde za n\u00edm. Dokonce nov\u00e1\u010dek dnes pozn\u00e1, pape\u017estv\u00ed do jist\u00e9 m\u00edry je nejv\u011bt\u0161\u00ed silou, kter\u00e1 m\u00e1 na zemi vliv. Pape\u017esk\u00fd vliv a moc vzr\u016fst\u00e1 s\u00a0ka\u017edou cestou pape\u017ee Jana Pavla II. Mili\u00f3ny lid\u00ed z\u00a0cel\u00e9ho sv\u011bta pohl\u00ed\u017e\u00ed na sm\u011br sou\u010dasn\u00e9ho pape\u017estv\u00ed jako na jedinou nad\u011bji pro sv\u011btov\u00e9 sjednocen\u00ed, milost pokoje, tak d\u016fkladn\u011b, jak p\u0159edpov\u011bd\u011bl B\u016fh. Takto tedy pape\u017estv\u00ed spl\u0148uje dal\u0161\u00ed bod identifikace.<\/p><\/blockquote>\n<p>No tohle je nesmysl. Nap\u0159\u00edklad avignonsk\u00e9 zajet\u00ed je obdob\u00ed let\u00a0<a href=\"https:\/\/cs.wikipedia.org\/wiki\/1309\" onclick=\"_gaq.push(['_trackEvent', 'outbound-article', 'https:\/\/cs.wikipedia.org\/wiki\/1309', '1309']);\" >1309<\/a>\u2013<a href=\"https:\/\/cs.wikipedia.org\/wiki\/1378\" onclick=\"_gaq.push(['_trackEvent', 'outbound-article', 'https:\/\/cs.wikipedia.org\/wiki\/1378', '1378']);\" >1378<\/a>, kdy pape\u017ei s\u00eddlili m\u00edsto\u00a0<a href=\"https:\/\/cs.wikipedia.org\/wiki\/%C5%98%C3%ADm\" onclick=\"_gaq.push(['_trackEvent', 'outbound-article', 'https:\/\/cs.wikipedia.org\/wiki\/%C5%98%C3%ADm', '\u0158\u00edma']);\" >\u0158\u00edma<\/a>\u00a0v\u00a0<a href=\"https:\/\/cs.wikipedia.org\/wiki\/Avignon\" onclick=\"_gaq.push(['_trackEvent', 'outbound-article', 'https:\/\/cs.wikipedia.org\/wiki\/Avignon', 'Avignonu']);\" >Avignonu<\/a>\u00a0ve\u00a0<a href=\"https:\/\/cs.wikipedia.org\/wiki\/Francie\" onclick=\"_gaq.push(['_trackEvent', 'outbound-article', 'https:\/\/cs.wikipedia.org\/wiki\/Francie', 'Francii']);\" >Francii<\/a> a tomuto ASD nep\u0159ikl\u00e1daj\u00ed \u017e\u00e1dnou v\u00e1hu, nehod\u00ed se to do proroctv\u00ed 2300.<\/p>\n<p>Uv\u011bzn\u011bn\u00ed pape\u017ee Pia VI. nebylo pro katolicismus \u017e\u00e1dnou znamenaj\u00edc\u00ed ud\u00e1lost\u00ed. Uv\u011bzn\u011bn\u00ed pape\u017ee nebylo smrtelnou r\u00e1nou, kter\u00e1 byla uzdravena. Ale poj\u010fme se pod\u00edvat, kdo v\u00a0dob\u011b nejv\u011bt\u0161\u00edho rozvoje za\u010dal pro\u017e\u00edvat v\u00e1\u017enou krizi. Tak o tom p\u00ed\u0161e publicista CASD Lyko: <em>\u201eV dob\u011b imponuj\u00edc\u00edho vzr\u016fst se c\u00edrkev neobe\u0161la bez vnit\u0159n\u00edch boj\u016f, kter\u00e9 znamenaly pro mlad\u00e9 spole\u010denstv\u00ed v\u00e1\u017en\u00e9 n\u00e1bo\u017eensk\u00e9 nebezpe\u010d\u00ed, kter\u00e9 je mohly vyv\u00e9st na scest\u00ed dogmatismu a c\u00edrkevnictv\u00ed. V\u00a0m\u011b\u0159\u00edtku postup\u016f d\u00edla uprost\u0159ed vyznava\u010d\u016f za\u010daly vzr\u016fstat pocity spokojenosti p\u00fdchy. M\u00edsto d\u016fv\u011b\u0159iv\u00e9 v\u00edry v\u00a0z\u00e1sluhy Krista zjevil se doktrinismus a legalismus. Z\u00e1sada ospravedln\u011bn\u00ed z\u00a0l\u00e1sky skrze v\u00edru v\u00a0Krista byla v\u00a0c\u00edrkvi Adventist\u016f v\u017edy vyzn\u00e1v\u00e1na, a\u010dkoliv b\u011bhem \u010dasu se za\u010dal na ni br\u00e1t \u010d\u00edm d\u00e1l men\u0161\u00ed ohled a vystrk\u00e1valy se na p\u0159edn\u00ed m\u00edsto ot\u00e1zky z\u00e1kona. Byl to vysoce \u0161kodliv\u00fd stav v\u011bci. (Z. Lyko: c\u00edrkev Adventist\u016f sedm\u00e9ho dne, s. 48-49)<\/em><\/p>\n<p>Tato krize m\u016f\u017ee b\u00fdt zrovna tak vzta\u017eena na Adventismus. Ona smrteln\u00e1 r\u00e1na. Ta r\u00e1na byla vyl\u00e9\u010den\u00e1 a vlastn\u011b \u010dteme: \u201e<em>Av\u0161ak d\u00edky varov\u00e1n\u00ed poch\u00e1zej\u00edc\u00ed z\u00a0poselstv\u00ed E.G.White byla krize v\u010das rozpozn\u00e1na a p\u0159ekon\u00e1na. V\u00a0roce 1888 se konala sch\u016fze Gener\u00e1ln\u00ed Konference v\u00a0Minneapolisu, na kter\u00e9 bylo u\u010den\u00ed o \u201eospravedln\u011bn\u00ed z\u00a0v\u00edry v\u00a0Krista\u201c znovu upevn\u011bno a vyd\u00e1no. D\u0159\u00edve osvobozen\u00e9 duchovn\u00ed moci ochr\u00e1nily c\u00edrkev p\u0159ed lhostejnost\u00ed a zajistily mu dal\u0161\u00ed postup. (Z. Lyko c\u00edrkev Adventist\u016f s. 349<\/em>) Zat\u00edm se znovu ukazuje, \u017ee pokud bych pou\u017eil stejnou prapodivnou metodu \u201ev\u00fdkladu\u201c, tak i Adventist\u00e9 mohou spl\u0148ovat p\u0159edpov\u011bzenou povahu charakteristick\u00e9 \u0161elmy.<\/p>\n<blockquote><p>Mnoho lid\u00ed si klade ot\u00e1zku, co znamen\u00e1 ono \u010d\u00edslo 666 a podle toho se sna\u017e\u00ed identifikovat \u0161elmu. Jak jsme ji\u017e ale psali, mus\u00ed souhlasit v\u0161echny identifika\u010dn\u00ed znaky, kter\u00e9 jsou v Bibli uveden\u00e9, a \u010d\u00edslo 666 je\u00a0 pouze jedn\u00edm ze znak\u016f \u2013 \u010d\u00edslo \u0161elmy.\u00a0 Prostudujete-li si v uveden\u00fdch \u010dl\u00e1nc\u00edch znaky \u0161elmy z mo\u0159e, zjist\u00edte,<strong> \u017ee v\u0161echny sed\u00ed pr\u00e1v\u011b na Pape\u017esk\u00fd syst\u00e9m<\/strong>.<br \/>\n\u201eKdy\u017e p\u0159ijde zkou\u0161ka, bude jasn\u011b uk\u00e1z\u00e1no, co je znamen\u00edm \u0161elmy. Je to zachov\u00e1v\u00e1n\u00ed ned\u011ble.\u201c 7BC 980.<\/p>\n<p>EGW zdroj str\u00e1nky CASD Brand\u00fds\/Neratovice<br \/>\n<a href=\"http:\/\/www.casd-brandys.cz\/products\/jsou-cipy-znamenim-selmy-666-nebo-jen-prostredkem-jeji-moci-\/\" onclick=\"_gaq.push(['_trackEvent', 'outbound-article', 'http:\/\/www.casd-brandys.cz\/products\/jsou-cipy-znamenim-selmy-666-nebo-jen-prostredkem-jeji-moci-\/', 'http:\/\/www.casd-brandys.cz\/products\/jsou-cipy-znamenim-selmy-666-nebo-jen-prostredkem-jeji-moci-\/']);\" >http:\/\/www.casd-brandys.cz\/products\/jsou-cipy-znamenim-selmy-666-nebo-jen-prostredkem-jeji-moci-\/<\/a><\/p><\/blockquote>\n<p>&nbsp;<\/p>\n<p>Tuto charakteristickou vlastnost \u0161elmy podobn\u011b jako i jin\u00e9 vlastnosti \u0161elmy mohu zrovna tak <strong>krkolomn\u011b heroizovat na adventismus<\/strong>. (Pro jistotu podot\u00fdk\u00e1m, \u017ee toto sna\u017een\u00ed je trapn\u00e9, ale jen na uk\u00e1zku-kam to vede, kdy\u017e se d\u011blaj\u00ed tyto hereze). Definice \u201evyzn\u00e1n\u00ed Adventisty\u201c zn\u00ed v\u00a0anglick\u00e9m jazyku: \u201ecultus Adventista\u201c. \u0158\u00edmsk\u00e1 hodnota p\u00edsmen tohoto n\u00e1zvu se rovn\u00e1 666. Pod\u00edvejme se, zda to tak opravdu je:<\/p>\n<p>C\u00a0 U\u00a0 L TU S\u00a0\u00a0\u00a0\u00a0\u00a0\u00a0 A D\u00a0\u00a0 VENT I STAE<\/p>\n<p>100 5 50 _ 5 _\u00a0\u00a0\u00a0\u00a0\u00a0\u00a0 _ 500 5 _ _ _ 1_ _ _ _= <strong>666 \u00a0\u00a0<a href=\"http:\/\/www.cestaviry.cz\/wp-content\/uploads\/2015\/08\/SMAJL\u00cdK.png\"><img decoding=\"async\" loading=\"lazy\" class=\"alignnone  wp-image-855\" src=\"http:\/\/www.cestaviry.cz\/wp-content\/uploads\/2015\/08\/SMAJL\u00cdK.png\" alt=\"SMAJL\u00cdK\" width=\"38\" height=\"38\" \/><\/a><\/strong><\/p>\n<p>&nbsp;<\/p>\n<p>&nbsp;<\/p>\n<blockquote><p><strong>\u00a0<\/strong><\/p>\n<hr \/>\n<p>&nbsp;<\/p>\n<p>MIMO C\u00cdRKEV NEN\u00cd SP\u00c1SY<\/p>\n<p><strong>Z nebe je n\u00e1m d\u00e1n mand\u00e1t<\/strong> k\u00e1zat v\u011b\u010dn\u00e9 evangelium a Kristovu spravedlnost, sm\u011ble hl\u00e1sat p\u00e1d Babylonsk\u00e9ho odpadlick\u00e9ho n\u00e1bo\u017eenstv\u00ed a varovat sv\u011bt, aby nep\u0159ijal znamen\u00ed \u0161elmy, ale m\u00edsto toho, aby byl zape\u010det\u011bn pe\u010det\u00ed Bo\u017e\u00edho v\u011b\u010dn\u00e9ho znamen\u00ed autority \u2013 sedm\u00fdm dnem sobotou.<\/p>\n<p>\u2026\u2026pat\u0159\u00edme do v nebi zrozen\u00e9ho adventn\u00edho hnut\u00ed \u2013 pat\u0159\u00edme do c\u00edrkve Adventist\u016f sedm\u00e9ho dne, <strong>Bo\u017e\u00ed c\u00edrkve ostatk\u016f.<\/strong><\/p>\n<p>p\u0159edseda CASD T.Wilson -Gener\u00e1ln\u00ed konference 2011<\/p>\n<p>&nbsp;<\/p>\n<p><strong>Vysvobozen\u00ed Adventist\u016f sedm\u00e9ho dne v Hiro\u0161im\u011b v roce 1945<\/strong><\/p>\n<p>N\u00e1hle zazn\u011bl obrovsk\u00fd v\u00fdbuch atomov\u00e9 pumy, kter\u00e1 byla pou\u017eita k rychl\u00e9mu ukon\u010den\u00ed v\u00e1lky. Siln\u00fd ork\u00e1n p\u0159elet\u011bl p\u0159es nic netu\u0161\u00edc\u00ed skupinku v\u011b\u0159\u00edc\u00edch, ani\u017e by jim ubl\u00ed\u017eil. Slab\u00e9 zem\u011bt\u0159esen\u00ed, kter\u00e9 n\u00e1sledovalo, teprve\u00a0 v\u0161echny vzpamatovalo. Tento v\u00fdbuch si vy\u017e\u00e1dal 100 000 ob\u011bt\u00ed, <strong>ale B\u016fh sv\u00e9 d\u00edtky ochr\u00e1nil.<\/strong><\/p>\n<p><strong>\u00a0 \u00a0 \u00a0 \u00a0 \u00a0 \u00a0 \u00a0 \u00a0 \u00a0 \u00a0 \u00a0 \u00a0 \u00a0 \u00a0 \u00a0 \u00a0 \u00a0 zdroj port\u00e1l Znamen\u00ed \u010dasu 2011 CASD<\/strong><\/p><\/blockquote>\n<p>&nbsp;<\/p>\n<hr \/>\n<p>&nbsp;<\/p>\n<p><strong>\u00a0Neomylnost a uct\u00edv\u00e1n\u00ed pape\u017ee<\/strong><\/p>\n<p>Tvrzen\u00ed Adventist\u016f je \u00fapln\u011b fale\u0161n\u00e9. Pape\u017e nenos\u00ed ofici\u00e1ln\u00ed znak \u201eZ\u00e1stupce Syna Bo\u017e\u00edho\u201c (Vicarius Filii Dei), ale titul \u201eZ\u00e1stupce Krista\u201c (Vicarius Christii). N\u00e1zev Vicarius Filii Dei byl vymy\u0161len protivn\u00edky pape\u017ee. Tento znak se nenach\u00e1z\u00ed na \u017e\u00e1dn\u00e9m ofici\u00e1ln\u00edm pape\u017esk\u00e9m dokladu. Pape\u017eov\u00e9 neu\u017e\u00edvaj\u00ed takovou formuli.<\/p>\n<p>Oproti tomu by se m\u011bli adventist\u00e9 sami zamyslet nad formulac\u00ed sv\u00e9ho kr\u00e9da:<\/p>\n<p>Ke spis\u016fm sv\u00e9 prorokyn\u011b :<\/p>\n<blockquote><p>The Gift of Prophecy 18<\/p>\n<p>the ministry of Ellen. G. White. As the Lord\u2019s messenger, her writings are a continuing and authoritative source of truth which<\/p>\n<p><strong>\u2026..autoritativn\u00ed a p\u0159etrv\u00e1vaj\u00edc\u00ed zdroj pravdy\u2026\u2026<\/strong><\/p><\/blockquote>\n<p>&nbsp;<\/p>\n<p><strong>\u00a0Uct\u00edv\u00e1n\u00ed pany Marie<\/strong><\/p>\n<p><em>\u2026\u017ee se sklonil ke sv\u00e9 slu\u017eebnici v jej\u00edm pon\u00ed\u017een\u00ed. Hle, od t\u00e9to chv\u00edle budou mne blahoslavit v\u0161echna pokolen\u00ed,\u00ab\u00a0<\/em>[Lk 1] Podivn\u00e9, \u017ee na tento text se v\u00a0adventismu nek\u00e1\u017ee.<\/p>\n<p>Cel\u00fd omyl kritik\u016f mari\u00e1nsk\u00e9 \u00facty (nemysl\u00edm p\u0159ehnan\u00e9ho zbo\u017e\u0148ov\u00e1n\u00ed) tkv\u00ed v tom, \u017ee nedok\u00e1\u017e\u00ed rozli\u0161it, co je pocta a co Bohopocta, co je duleia co u\u017e latreia, co je poklona a co je klan\u011bn\u00ed. V \u00fact\u011b m\u00e1me m\u00edt v\u0161echny lidi, proto\u017ee jsou Bohem stvo\u0159eni a milov\u00e1ni, zejm\u00e9na pak ty, kte\u0159\u00ed se p\u0159i\u010dlenili ke Kristu v jednom t\u011ble a p\u0159ede\u0161li n\u00e1s ve znamen\u00ed v\u00edry.<\/p>\n<p><strong>Latreia<\/strong>\u00a0&#8211; ozna\u010duje chv\u00e1lu n\u00e1le\u017e\u00edc\u00ed jen Bohu.<br \/>\n<strong>Duleia &#8211;<\/strong><strong>\u00a0<\/strong>se u\u017e\u00edv\u00e1 p\u0159i uct\u00edv\u00e1n\u00ed Marie a svat\u00fdch.<\/p>\n<p>Pokud maj\u00ed katol\u00edci Marii v\u00a0\u00fact\u011b, tak je to pro jej\u00ed Fiat.(Nikoliv auto), ale <em>sta\u0148 se.<\/em> Fiat mihi secundum verbum tuum-a\u0165 se stane podle tv\u00e9ho slova. A v\u00a0tom j\u00ed nesah\u00e1me \u010dasto ani po kotn\u00edky.<\/p>\n<p>Je\u0161t\u011b Kalv\u00edn ustanovil za sou\u010d\u00e1st kalv\u00ednsk\u00e9 bohoslu\u017eby modlitbu Zdr\u00e1vas Maria, rovn\u011b\u017e dal\u0161\u00ed reform\u00e1to\u0159i.<\/p>\n<p>Oproti tomu by st\u00e1lo za to se zamyslet nad vztahem CASD k\u00a0osob\u011b E.G.W a jej\u00edch v\u00fdrok\u016f o sob\u011b sam\u00e9 :<\/p>\n<p><em>\u201ePravdy, je\u017e mi byly p\u0159ed\u00e1ny jako poslu P\u00e1n\u011b, <strong>plat\u00ed nav\u011bky\u2026..\u201c<\/strong><\/em><\/p>\n<p style=\"text-align: right;\">-Lt 350, 1906 {PM 359.1}<\/p>\n<p><em>\u201eTyto knihy obsahuj\u00ed \u010distou, nezka\u017eenou, nezm\u011bnitelnou pravdu\u201c<\/em><\/p>\n<p style=\"text-align: right;\">(Letter H-339, December 26, 1904, White Estate)<\/p>\n<p><em>\u201eV\u0161echny tyto pravdy<\/em><em> jsou u\u010din\u011bny nesmrteln\u00fdmi v m\u00fdch spisech. \u201e <\/em><\/p>\n<p style=\"text-align: right;\">{8MR 319.320} Letter 50, 1-30-1906<\/p>\n<p>\u00a0O tom, jak je v\u00a0adventismu E.G.White glorifikov\u00e1na a uct\u00edv\u00e1na mluv\u00ed fota sama za sebe .<\/p>\n<p><a href=\"http:\/\/www.cestaviry.cz\/wp-content\/uploads\/2015\/08\/socha-E.G.W..jpg\"><img decoding=\"async\" loading=\"lazy\" class=\"alignnone  wp-image-856\" src=\"http:\/\/www.cestaviry.cz\/wp-content\/uploads\/2015\/08\/socha-E.G.W.-1024x768.jpg\" alt=\"socha E.G.W.\" width=\"339\" height=\"256\" \/><\/a><\/p>\n<p><a href=\"http:\/\/www.cestaviry.cz\/wp-content\/uploads\/2015\/08\/ml\u00e1dez-a-E.G.W..jpg\"><img decoding=\"async\" loading=\"lazy\" class=\"alignnone  wp-image-857\" src=\"http:\/\/www.cestaviry.cz\/wp-content\/uploads\/2015\/08\/ml\u00e1dez-a-E.G.W.-1024x484.jpg\" alt=\"ml\u00e1dez a E.G.W.\" width=\"517\" height=\"250\" \/><\/a><\/p>\n<hr \/>\n<p>&nbsp;<\/p>\n<blockquote><p><strong>\u00a0Pron\u00e1sledov\u00e1n\u00ed sv\u011btitel\u016f soboty (ned\u011bln\u00ed z\u00e1kony)<\/strong><\/p>\n<p>\u0160elma bude bojovat a pron\u00e1sledovat svat\u00e9 (Zj 13,7). Je dob\u0159e zn\u00e1mou v\u011bc\u00ed, \u017ee pape\u017estv\u00ed pron\u00e1sledovalo a ni\u010dilo pe\u010dliv\u00e9 a v\u011brn\u00e9 k\u0159es\u0165any. Odehr\u00e1valo se to v\u00a0dob\u011b temn\u00e9ho st\u0159edov\u011bku, zvl\u00e1\u0161t\u011b v\u00a0letech kontrolovan\u00fdch touto moc\u00ed. Hodn\u011b d\u011bjepisc\u016f hovo\u0159\u00ed, \u017ee uprost\u0159ed doby velk\u00e9ho pron\u00e1sledov\u00e1n\u00ed zahynulo pro svou v\u00edru v\u00edce ne\u017e 50 mili\u00f3n\u016f lid\u00ed. C\u00edrkev se domn\u00edv\u00e1, \u017ee t\u00edmto zp\u016fsobem \u010din\u00ed Bohu slu\u017ebu, \u017ee potla\u010duje kac\u00ed\u0159stv\u00ed, ale faktem z\u016fstalo, \u017ee c\u00edrkev pron\u00e1sledovala a ni\u010dila. Hodn\u011b sou\u010dasn\u00fdch katol\u00edk\u016f potupuje toto pron\u00e1sledov\u00e1n\u00ed. Av\u0161ak pape\u017estv\u00ed splnilo i tento bod. Hodn\u011b v\u011bc\u00ed mohou zastupovat dopl\u0148kov\u00e9 ot\u00e1zky, av\u0161ak zde bez jak\u00e9koli pochybnosti tvrd\u00edme, \u017ee \u0161elma ze Zj 13,1-8.18 je pape\u017estv\u00ed. I tato moc m\u00e1 sv\u00e9 znamen\u00ed.<\/p><\/blockquote>\n<p>Divn\u00fd je naproti tomu vzat\u00fd po\u010det 50 mili\u00f3n\u016f lid\u00ed. \u017d\u00e1dn\u00fd odpov\u011bdn\u00fd historik nic podobn\u00e9ho nenap\u00ed\u0161e, kdy\u017e k\u00a0tomu nem\u00e1 posta\u010diteln\u00e9 zdroje. A ty, kter\u00e9 jsou, dovoluj\u00ed tvrdit, \u017ee trest smrti byl a\u017e t\u00edm posledn\u00edm trestem, kter\u00fd inkvizice ukl\u00e1dala. To co v\u00edm, tak byly pou\u017e\u00edv\u00e1ny nej\u010dast\u011bji jin\u00e9 tresty.<\/p>\n<p>Co se t\u00fdk\u00e1 pron\u00e1sledov\u00e1n\u00ed k\u0159es\u0165an\u016f, nen\u00ed snad k\u0159es\u0165ansk\u00fd port\u00e1l, kde by samotn\u00ed \u010dlenov\u00e9 adventismu neza\u010dali napadat (pron\u00e1sledovat)osobn\u00ed v\u00edru katol\u00edk\u016f. Za zm\u00ednku stoj\u00ed i vyd\u00edr\u00e1n\u00ed ze strany rodin, pomlouv\u00e1n\u00ed od kazatel\u016f na v\u0161echny ty, kte\u0159\u00ed se rozhodli tuto organizaci opustit. Mohl bych zde popsat mnoho osud\u016f v\u00a0\u010cesk\u00e9m prost\u0159ed\u00ed, kde se po jejich zve\u0159ejn\u011bn\u00ed, \u017ee u\u017e nemohou b\u00fdt \u010dleny pro sv\u00e9 sv\u011bdom\u00ed, za\u010dalo tahat na n\u011b \u201e\u0161pinav\u00e9 pr\u00e1dlo.\u201c D\u00edky tomuto mohou napl\u0148ovat posledn\u00ed znak toto\u017enosti \u0161elmy.<\/p>\n<p>Jestli\u017ee se sn\u00ed\u017e\u00edme na \u00farove\u0148 sekty, v\u017edycky je to mo\u017en\u00e9 p\u0159ipsat komukoliv-cokoliv. Na tento zp\u016fsob je mo\u017en\u00e9 p\u0159i\u0161\u00edt ka\u017ed\u00e9mu z\u00e1platu.<\/p>\n<p><strong>\u00a0<\/strong><\/p>\n<blockquote><p><em>\u00a0\u00a0 A\u017e m\u011b mraz\u00ed, jak arogantn\u011b prosazuj\u00ed &#8222;pape\u017eskou ned\u011bli&#8220; i kdy\u017e nemaj\u00ed jedin\u00fd biblick\u00fd d\u016fvod, ani Bo\u017e\u00ed pov\u011b\u0159en\u00ed. My, kte\u0159\u00ed m\u00e1me dostatek biblick\u00fdch d\u016fvod\u016f pro sobotu, a m\u00e1me tak\u00e9 Bo\u017e\u00ed pov\u011b\u0159en\u00ed, ml\u010d\u00edme&#8230;<\/em><\/p>\n<p><em>Mimochodem, v\u010dera jsem si n\u00e1hodou p\u0159e\u010detl n\u00e1sledovn\u00e9: &#8222;&#8230;Tak jako bylo oble\u017een\u00ed Jeruzal\u00e9ma \u0158\u00edmsk\u00fdmi arm\u00e1dami \u017eidovsk\u00fdm k\u0159es\u0165an\u016fm sign\u00e1lem k \u00fat\u011bku, tak bude p\u0159ijet\u00ed ze strany na\u0161eho n\u00e1roda v prosazov\u00e1n\u00ed v\u00fdnosu &#8222;pape\u017esk\u00e9 sobot\u011b&#8220; (t. j. ned\u011ble) varov\u00e1n\u00edm pro n\u00e1s. Pak bude \u010das k opu\u0161t\u011bn\u00ed velk\u00fdch m\u011bst, k p\u0159\u00edprav\u011b na opu\u0161t\u011bn\u00ed t\u011bch men\u0161\u00edch do odlehl\u00fdch domov\u016f na vzd\u00e1len\u00fdch m\u00edstech mezi horami.:&#8230;&#8220; 5T 464, 46\u00a0<\/em><\/p>\n<p style=\"text-align: right;\">R.Uhrin- \u010dlen CASD<\/p>\n<\/blockquote>\n<p>&nbsp;<\/p>\n<p>&#8211; P\u0159ed k\u00fdm nebo \u010d\u00edm m\u00e1me ut\u00edkat, kdo je t\u00edm nep\u0159\u00edtelem? Katol\u00edci? Arm\u00e1da? Policie? Ameri\u010dani?<\/p>\n<p>&#8211; Pro\u010d m\u00e1me ut\u00e9ci? Abychom se n\u011bkde skryli? V dne\u0161n\u00ed dob\u011b dru\u017eicov\u00e9 \u0161pion\u00e1\u017ee schopn\u00e9 sn\u00edmat s p\u0159esnost\u00ed na centimetry zemsk\u00fd povrch ve dne i v noci, dokonce v infra\u010derven\u00e9 oblasti spektra? Abychom si vyp\u011bstovali n\u011bco k j\u00eddlu, proto\u017ee n\u00e1m nikdo nic nedaruje? Opravdu dle p\u0159edporozum\u011bn\u00ed E.G.W. ,jsou v\u0161ichni lid\u00e9 \u017eij\u00edc\u00ed ve m\u011bstech h\u0159\u00ed\u0161n\u011bj\u0161\u00ed? Jsem j\u00e1 na vesnici lep\u0161\u00ed ? viz.<\/p>\n<blockquote><p>\u201ep\u0159edn\u00e1\u0161ky\u201cEnochova vesnick\u00e1 z\u00e1kladna- J. Posp\u00ed\u0161il\u00edk,<\/p>\n<p>J. Kone\u010dn\u00e1, R. Uhrin <em>Nena\u010dovice 9. &#8211; 11. 3.2012<\/em><\/p><\/blockquote>\n<p>&#8211; Kam m\u00e1me ut\u00edkat? Je k dispozici dost jesky\u0148 a skaln\u00edch sluj\u00ed, kam dru\u017eice nevid\u00ed? Do jak\u00fdch hor maj\u00ed ut\u00e9ci obyvatel\u00e9 Nizozem\u00ed? Kam obyvatel\u00e9 z p\u0159elidn\u011bn\u00e9 Banglad\u00e9\u0161e?<\/p>\n<p>&#8211; Kdo m\u00e1 ut\u00e9ci? Jen adventist\u00e9? Obyvatel\u00e9 jak\u00fdch m\u011bst? M\u011bst nad sto tis\u00edc obyvatel? Nad milion? Podle jak\u00e9ho kl\u00ed\u010de?<\/p>\n<blockquote><p><strong>Pl\u00e1ny Vatik\u00e1nu<\/strong><\/p>\n<p>nap\u0159. bod 6. &#8211; Pouk\u00e1zat na to, \u017ee spisy E.G.Whiteov\u00e9 jsou fale\u0161n\u00e9<\/p>\n<p>bod 10. Adventist\u016fm s. d. vysv\u011btlit, \u017ee pokud se nesjednot\u00ed s\u00a0katol\u00edky a protestanty\u2026budou pova\u017eov\u00e1ni vinni za ka\u017ed\u00e9 zlo a ne\u0161t\u011bst\u00ed, kter\u00e9 p\u0159ijde na zemi.<\/p>\n<p style=\"text-align: right;\">\u00a0\u00a0\u00a0\u00a0\u00a0\u00a0\u00a0\u00a0\u00a0\u00a0\u00a0\u00a0\u00a0\u00a0\u00a0\u00a0\u00a0\u00a0\u00a0\u00a0\u00a0\u00a0\u00a0\u00a0\u00a0\u00a0\u00a0\u00a0\u00a0\u00a0\u00a0\u00a0\u00a0\u00a0\u00a0\u00a0\u00a0\u00a0\u00a0\u00a0\u00a0 Zdroj: port\u00e1l Znamen\u00ed \u010dasu CASD<\/p>\n<\/blockquote>\n<p>&nbsp;<\/p>\n<p>Opravdu nem\u00e1 adventismus s\u00e1m probl\u00e9my se sebou, \u017ee se mus\u00ed neust\u00e1le pou\u0161t\u011bt do \u00fatok\u016f proti jinov\u011brc\u016fm? To v\u00a0P\u00edsmu neum\u00ed nal\u00e9zt nic jin\u00e9ho a hezk\u00e9ho, ne\u017e tvrzen\u00ed pro paranoidn\u00ed zpr\u00e1vy?<\/p>\n","protected":false},"excerpt":{"rendered":"<p>Po ka\u017ed\u00e9 mne udivovalo, \u017ee hnac\u00ed motor adventismu byl v\u017edy \u201espole\u010dn\u00fd nep\u0159\u00edtel.\u201cTak jako by neposta\u010dovalo Bo\u017e\u00ed slovo a radost z\u00a0evangelia. A tak nen\u00ed divu, \u017ee u\u010den\u00ed je postaven\u00e9 na definic\u00edch nep\u0159\u00e1tel v podob\u011b satana, kter\u00e9mu je v\u011bnov\u00e1no v periodik\u00e1ch a &hellip; <a href=\"http:\/\/www.cestaviry.cz\/?p=852\">Cel\u00fd p\u0159\u00edsp\u011bvek <span class=\"meta-nav\">&rarr;<\/span><\/a><\/p>\n","protected":false},"author":2,"featured_media":0,"comment_status":"closed","ping_status":"open","sticky":false,"template":"","format":"status","meta":[],"categories":[1],"tags":[],"_links":{"self":[{"href":"http:\/\/www.cestaviry.cz\/index.php?rest_route=\/wp\/v2\/posts\/852"}],"collection":[{"href":"http:\/\/www.cestaviry.cz\/index.php?rest_route=\/wp\/v2\/posts"}],"about":[{"href":"http:\/\/www.cestaviry.cz\/index.php?rest_route=\/wp\/v2\/types\/post"}],"author":[{"embeddable":true,"href":"http:\/\/www.cestaviry.cz\/index.php?rest_route=\/wp\/v2\/users\/2"}],"replies":[{"embeddable":true,"href":"http:\/\/www.cestaviry.cz\/index.php?rest_route=%2Fwp%2Fv2%2Fcomments&post=852"}],"version-history":[{"count":8,"href":"http:\/\/www.cestaviry.cz\/index.php?rest_route=\/wp\/v2\/posts\/852\/revisions"}],"predecessor-version":[{"id":863,"href":"http:\/\/www.cestaviry.cz\/index.php?rest_route=\/wp\/v2\/posts\/852\/revisions\/863"}],"wp:attachment":[{"href":"http:\/\/www.cestaviry.cz\/index.php?rest_route=%2Fwp%2Fv2%2Fmedia&parent=852"}],"wp:term":[{"taxonomy":"category","embeddable":true,"href":"http:\/\/www.cestaviry.cz\/index.php?rest_route=%2Fwp%2Fv2%2Fcategories&post=852"},{"taxonomy":"post_tag","embeddable":true,"href":"http:\/\/www.cestaviry.cz\/index.php?rest_route=%2Fwp%2Fv2%2Ftags&post=852"}],"curies":[{"name":"wp","href":"https:\/\/api.w.org\/{rel}","templated":true}]}}