{"id":656,"date":"2015-04-05T06:11:25","date_gmt":"2015-04-05T06:11:25","guid":{"rendered":"http:\/\/www.cestaviry.cz\/?p=656"},"modified":"2015-04-05T06:11:55","modified_gmt":"2015-04-05T06:11:55","slug":"zakladni-veroucne-vyroky-cirkve-adventistu-s-d-a-praxe-12","status":"publish","type":"post","link":"http:\/\/www.cestaviry.cz\/?p=656","title":{"rendered":"Z\u00e1kladn\u00ed v\u011brou\u010dn\u00e9 v\u00fdroky C\u00edrkve adventist\u016f s. d. a praxe 12."},"content":{"rendered":"<p>N\u00e1bo\u017eenstv\u00ed na jednu stranu vy\u017eaduje od lid\u00ed pln\u011bn\u00ed nesplniteln\u00fdch \u00fakol\u016f, na druh\u00e9 stran\u011b je velice vynal\u00e9zav\u00e9 v jejich \u201eleg\u00e1ln\u00edm\u201cporu\u0161ov\u00e1n\u00ed.<\/p>\n<p style=\"text-align: right;\">CH. Hitchens<\/p>\n<p><strong>12. C\u00cdRKEV<\/strong><\/p>\n<p><a href=\"http:\/\/www.cestaviry.cz\/wp-content\/uploads\/2015\/04\/VLK-v-rou\u0161e-ber\u00e1n\u010d\u00edm.jpg\"><img decoding=\"async\" loading=\"lazy\" class=\"alignnone size-full wp-image-657\" src=\"http:\/\/www.cestaviry.cz\/wp-content\/uploads\/2015\/04\/VLK-v-rou\u0161e-ber\u00e1n\u010d\u00edm.jpg\" alt=\"VLK v rou\u0161e ber\u00e1n\u010d\u00edm\" width=\"375\" height=\"336\" srcset=\"http:\/\/www.cestaviry.cz\/wp-content\/uploads\/2015\/04\/VLK-v-rou\u0161e-ber\u00e1n\u010d\u00edm.jpg 375w, http:\/\/www.cestaviry.cz\/wp-content\/uploads\/2015\/04\/VLK-v-rou\u0161e-ber\u00e1n\u010d\u00edm-300x268.jpg 300w, http:\/\/www.cestaviry.cz\/wp-content\/uploads\/2015\/04\/VLK-v-rou\u0161e-ber\u00e1n\u010d\u00edm-334x300.jpg 334w\" sizes=\"(max-width: 375px) 100vw, 375px\" \/><\/a><\/p>\n<p>&nbsp;<\/p>\n<p>\u010casto kritizovan\u00e9 heslo katolick\u00e9 c\u00edrkve, \u017ee <em>mimo c\u00edrkev<\/em><em> nen\u00ed sp\u00e1sy,<\/em> postihuje adventismus v u\u010den\u00ed vice ne\u017e zdr\u00e1vo. Zat\u00edmco katolick\u00e1 c\u00edrkev se od tohoto oprostila a hodn\u011b reformovala (1.), v praxi CASD to nad\u00e1le trvale z\u016fst\u00e1v\u00e1. (2.)<\/p>\n<p>\u010clenov\u00e9 CASD \u010dasto mus\u00ed vynalo\u017eit velik\u00e9 \u00fasil\u00ed, pokud si cht\u011bj\u00ed zachovat skupinku, spole\u010denstv\u00ed oby\u010dejn\u00e9ho sd\u00edlen\u00ed v\u00edry. \u010casto je to za cenu n\u00e1lepek, \u017ee brzd\u00ed druh\u00fd p\u0159\u00edchod, \u017ee jsou nejednotn\u00ed, nebo \u017ee je satan ponouk\u00e1, kdy\u017e kritizuj\u00ed vy\u0161\u0161\u00ed c\u00edrkevn\u00ed slo\u017eky. (3.)<\/p>\n<p>&nbsp;<\/p>\n<p><strong>\u00a0\u00a0\u00a0 M\u00e1m toti\u017e za to, \u017ee dar vz\u00e1jemn\u00fdch bratrsk\u00fdch vztah\u016f, kter\u00fd je n\u00e1m zp\u0159\u00edstupn\u011bn sm\u00edr\u010d\u00ed ob\u011bt\u00ed P\u00e1na Je\u017e\u00ed\u0161e Krista, jsme je\u0161t\u011b zdaleka nedocenili. Spokojujeme se s p\u0159\u00edli\u0161 povrchn\u00edm mechanismem. Brouzd\u00e1me cel\u00e1 l\u00e9ta na m\u011bl\u010din\u00e1ch pro neplavce a \u0159\u00edk\u00e1me tomu k\u0159es\u0165ansk\u00fd \u017eivot.\u00a0 <\/strong><\/p>\n<p><strong>\u00a0\u00a0\u00a0\u00a0\u00a0\u00a0\u00a0\u00a0\u00a0\u00a0\u00a0\u00a0\u00a0\u00a0\u00a0<\/strong>Ji\u0159\u00ed Hurta- Hledejte kr\u00e1le, str. 161 (vydala Evangelick\u00e1 c\u00edrkev metodistick\u00e1 1991)<\/p>\n<p>&nbsp;<\/p>\n<p>&nbsp;<\/p>\n<p>&#8212;&#8212;&#8212;&#8212;&#8212;&#8212;&#8212;&#8212;&#8212;&#8212;&#8212;&#8212;&#8212;&#8212;&#8212;&#8212;&#8212;&#8212;&#8212;&#8212;&#8212;&#8212;&#8212;&#8212;&#8212;&#8212;&#8212;&#8212;&#8212;&#8212;&#8212;&#8212;&#8212;&#8212;&#8212;&#8212;&#8212;&#8212;&#8212;&#8212;&#8212;&#8212;&#8212;&#8212;&#8212;-<\/p>\n<p>(1.) \u00a0<em>\u201eKatolick\u00e1 c\u00edrkev neodm\u00edt\u00e1 nic, co je v t\u011bchto n\u00e1bo\u017eenstv\u00edch pravdiv\u00e9 a svat\u00e9. S up\u0159\u00edmnou v\u00e1\u017enost\u00ed se d\u00edv\u00e1 na jejich zp\u016fsoby chov\u00e1n\u00ed a \u017eivota, pravidla a nauky. A\u010dkoli se v mnoh\u00e9m rozch\u00e1zej\u00ed s t\u00edm, co ona v\u011b\u0159\u00ed a k v\u011b\u0159en\u00ed p\u0159edkl\u00e1d\u00e1, p\u0159ece jsou nez\u0159\u00eddka odrazem Pravdy, kter\u00e1 osv\u011bcuje v\u0161echny lidi.\u201c<\/em><\/p>\n<p style=\"text-align: right;\">Druh\u00fd vatik\u00e1nsk\u00fd koncil 1965<\/p>\n<p>Nap\u0159\u00edklad v\u016f\u010di textu konciln\u00edho dokumentu Gaudium et Spes by jen velmi obt\u00ed\u017en\u011b argumenta\u010dn\u011b obst\u00e1lo tvrzen\u00ed, \u017ee katolick\u00e1 c\u00edrkev sleduje svoje vlastn\u00ed c\u00edle \u201ebez ohledu na prosp\u011bch vl\u00e1d \u010di n\u00e1rod\u016f\u201c. Viz Ellen G. WHITEOV\u00c1, <em>Velk\u00e9 drama v\u011bk\u016f, <\/em>s. 376.\u00a0 (B. Jetelina)<br \/>\n(2.) Ta (n\u00e1bo\u017eensk\u00e1 praxe) je zejm\u00e9na poznamen\u00e1na p\u0159esv\u011bd\u010den\u00edm, \u017ee jako jedin\u00ed na sv\u011bt\u011b znaj\u00ed absolutn\u00ed pravdu o Bohu a o tom, jak\u00e1 je jeho v\u016fle pro lidi. D\u00e1le pak pevn\u011b v\u011b\u0159\u00ed, \u017ee ti adventist\u00e9, kte\u0159\u00ed nep\u0159ijali p\u0159\u00edstupy a u\u010den\u00ed historick\u00e9ho adventismu, cel\u00fdm sv\u00fdm \u017eivotem vykazuj\u00ed znaky odpadnut\u00ed. Druh\u00fdm d\u016fsledkem (logicky) je pak v\u00fdrazn\u00fd mu\u010dednicky syndrom vedouc\u00ed k hlubok\u00e9 ned\u016fv\u011b\u0159e k ofici\u00e1ln\u00ed C\u00edrkvi adventist\u016f sedm\u00e9ho dne a tak\u00e9 ke krajn\u011b nep\u0159\u00e1telsk\u00fdm postoj\u016fm v\u016f\u010di<\/p>\n<p>evangelik\u00e1ln\u00edm adventist\u016fm a jin\u00fdm k\u0159es\u0165an\u016fm. Histori\u010dt\u00ed adventist\u00e9 tak sice v c\u00edrkvi adventist\u016f z\u016fst\u00e1vaj\u00ed, ale vytv\u00e1\u0159\u00ed k n\u00ed paraleln\u00ed, nez\u00e1visl\u00e9 struktury \u2013 \u0161koly, zdravotn\u00ed instituce a vydavatelstv\u00ed, kter\u00e9 propaguj\u00ed extremistick\u00e9 a mor\u00e1ln\u011b<\/p>\n<p>p\u0159epjat\u00e9 postoje v ot\u00e1zk\u00e1ch \u017eivotn\u00edho stylu a poslu\u0161nosti. D\u00e1le pak nesouhlas\u00ed s jak\u00fdmkoliv dialogem mezi adventisty a jin\u00fdmi denominacemi. Ve\u0161ker\u00e9 takov\u00e9 pokusy ozna\u010duj\u00ed za zradu, odpadnut\u00ed a zaprod\u00e1n\u00ed se Babylonu. Jejich odpor ke katolicismu je a\u017e patologick\u00fd. Nutn\u011b pak podl\u00e9haj\u00ed i nejr\u016fzn\u011bj\u0161\u00edm teori\u00edm o \u201ejezuitsk\u00e9m spiknut\u00ed\u201c v\u0161eho \u201eodpadl\u00e9ho k\u0159es\u0165anstv\u00ed\u201c proti posledn\u00edmu ostatku v\u011brn\u00e9ho Bo\u017e\u00edho lidu, za kter\u00fd ov\u0161em pova\u017euj\u00ed sami sebe.<\/p>\n<p>(\u00a0\u00a0 B.Jetelina \u2013diplomov\u00e1 pr\u00e1ce ASD mezi modernou a postmodernou str.139-140.)<\/p>\n<p>&nbsp;<\/p>\n<p>(3.) <em>Ted N. C. Wilson, p\u0159edseda Gener\u00e1ln\u00ed konference, p\u0159i k\u00e1z\u00e1n\u00ed zd\u016fraznil, \u017ee se satan sna\u017e\u00ed vyu\u017e\u00edt v\u0161echny prost\u0159edky, kter\u00e9 m\u00e1 k dispozici, aby se pokusil zni\u010dit c\u00edrkev adventist\u016f a ochromil jej\u00ed posl\u00e1n\u00ed zv\u011bstovat brzk\u00fd Je\u017e\u00ed\u0161\u016fv p\u0159\u00edchod.<\/em><\/p>\n<p><em>\u201eA\u010dkoliv rozs\u00e1hl\u00e9 pron\u00e1sledov\u00e1n\u00ed ur\u010dit\u011b p\u0159ijde, v sou\u010dasnosti se satan pokou\u0161\u00ed oslabit c\u00edrkev zevnit\u0159 pomoc\u00ed rozkol\u016f, nesouladu a p\u0159izp\u016fsoben\u00ed se sv\u011btu, \u201c\u0159ekl Wilson<\/em>.<\/p>\n<p style=\"text-align: right;\">\u00a0 \u00a0 \u00a0 \u00a0 \u00a0 \u00a0 \u00a0 \u00a0 \u00a0 \u00a0 \u00a0 \u00a0 \u00a0 \u00a0 \u00a0 \u00a0 \u00a0 \u00a0 \u00a0 \u00a0 \u00a0 \u00a0 \u00a0 \u00a0 \u00a0 \u00a0 \u00a0 \u00a0 \u00a0 \u00a0 \u00a0 \u00a0 \u00a0 \u00a0 \u00a0 \u00a0 \u00a0 \u00a0 \u00a0 \u00a0 \u00a0 \u00a0 \u00a0 \u00a0 \u00a0 \u00a0 \u00a0 \u00a0 \u00a0 \u00a0 \u00a0 \u00a0 \u00a0 \u00a0 \u00a0 \u00a0 \u00a0 \u00a0 \u00a0 \u00a0 \u00a0 \u00a0 \u00a0 \u00a0 \u00a0 \u00a0 \u00a0 \u00a0 \u00a0 (Advent 10\/2014 str.28)<\/p>\n<p>\u00a0 \u00a0 \u00a0 \u00a0 \u00a0 \u00a0 \u00a0Pozn.autora: Div\u00edm se redaktor\u016fm, \u017ee jim nebyla hanba \u010dl\u00e1nek vytisknout.<\/p>\n<p>&nbsp;<\/p>\n","protected":false},"excerpt":{"rendered":"<p>N\u00e1bo\u017eenstv\u00ed na jednu stranu vy\u017eaduje od lid\u00ed pln\u011bn\u00ed nesplniteln\u00fdch \u00fakol\u016f, na druh\u00e9 stran\u011b je velice vynal\u00e9zav\u00e9 v jejich \u201eleg\u00e1ln\u00edm\u201cporu\u0161ov\u00e1n\u00ed. CH. Hitchens 12. C\u00cdRKEV &nbsp; \u010casto kritizovan\u00e9 heslo katolick\u00e9 c\u00edrkve, \u017ee mimo c\u00edrkev nen\u00ed sp\u00e1sy, postihuje adventismus v u\u010den\u00ed vice ne\u017e &hellip; <a href=\"http:\/\/www.cestaviry.cz\/?p=656\">Cel\u00fd p\u0159\u00edsp\u011bvek <span class=\"meta-nav\">&rarr;<\/span><\/a><\/p>\n","protected":false},"author":2,"featured_media":0,"comment_status":"closed","ping_status":"open","sticky":false,"template":"","format":"standard","meta":[],"categories":[1],"tags":[],"_links":{"self":[{"href":"http:\/\/www.cestaviry.cz\/index.php?rest_route=\/wp\/v2\/posts\/656"}],"collection":[{"href":"http:\/\/www.cestaviry.cz\/index.php?rest_route=\/wp\/v2\/posts"}],"about":[{"href":"http:\/\/www.cestaviry.cz\/index.php?rest_route=\/wp\/v2\/types\/post"}],"author":[{"embeddable":true,"href":"http:\/\/www.cestaviry.cz\/index.php?rest_route=\/wp\/v2\/users\/2"}],"replies":[{"embeddable":true,"href":"http:\/\/www.cestaviry.cz\/index.php?rest_route=%2Fwp%2Fv2%2Fcomments&post=656"}],"version-history":[{"count":3,"href":"http:\/\/www.cestaviry.cz\/index.php?rest_route=\/wp\/v2\/posts\/656\/revisions"}],"predecessor-version":[{"id":660,"href":"http:\/\/www.cestaviry.cz\/index.php?rest_route=\/wp\/v2\/posts\/656\/revisions\/660"}],"wp:attachment":[{"href":"http:\/\/www.cestaviry.cz\/index.php?rest_route=%2Fwp%2Fv2%2Fmedia&parent=656"}],"wp:term":[{"taxonomy":"category","embeddable":true,"href":"http:\/\/www.cestaviry.cz\/index.php?rest_route=%2Fwp%2Fv2%2Fcategories&post=656"},{"taxonomy":"post_tag","embeddable":true,"href":"http:\/\/www.cestaviry.cz\/index.php?rest_route=%2Fwp%2Fv2%2Ftags&post=656"}],"curies":[{"name":"wp","href":"https:\/\/api.w.org\/{rel}","templated":true}]}}