{"id":240,"date":"2013-04-21T10:59:52","date_gmt":"2013-04-21T10:59:52","guid":{"rendered":"http:\/\/www.cestaviry.cz\/?p=240"},"modified":"2013-07-23T19:31:11","modified_gmt":"2013-07-23T19:31:11","slug":"adventiste-sedmeho-dne-mezi-modernou-a-postmodernou","status":"publish","type":"post","link":"http:\/\/www.cestaviry.cz\/?p=240","title":{"rendered":"Adventist\u00e9 sedm\u00e9ho dne mezi modernou a postmodernou"},"content":{"rendered":"<p><a href=\"http:\/\/invenio.nusl.cz\/record\/151572?ln=cs\" onclick=\"_gaq.push(['_trackEvent', 'outbound-article', 'http:\/\/invenio.nusl.cz\/record\/151572?ln=cs', 'Diserta\u010dn\u00ed pr\u00e1ce Bed\u0159icha Jeteliny']);\" >Diserta\u010dn\u00ed pr\u00e1ce Bed\u0159icha Jeteliny<\/a>. Autor,(\u010dlen c\u00edrkve CASD) objektivn\u011b popisuje historii, proudy v my\u0161len\u00ed adventismu, a\u017e po dne\u0161ek . Jeho u\u017e nezam\u011bstnaneck\u00fd pom\u011br k c\u00edrkvi mu dovoluje otev\u0159enost a ur\u010dit\u00fd odstup\u00a0k pal\u010div\u00fdm bolestem v\u00fdkladu adventn\u00edho dogmatu nap\u0159. formou common sense (selsk\u00fdm rozumem) se v\u0161emi jeho d\u016fsledky. V p\u0159\u00edpad\u011b probl\u00e9m\u016f se sta\u017een\u00edm v\u00e1m pr\u00e1ci m\u016f\u017eeme zaslat.<\/p>\n","protected":false},"excerpt":{"rendered":"<p>Diserta\u010dn\u00ed pr\u00e1ce Bed\u0159icha Jeteliny. Autor,(\u010dlen c\u00edrkve CASD) objektivn\u011b popisuje historii, proudy v my\u0161len\u00ed adventismu, a\u017e po dne\u0161ek . Jeho u\u017e nezam\u011bstnaneck\u00fd pom\u011br k c\u00edrkvi mu dovoluje otev\u0159enost a ur\u010dit\u00fd odstup\u00a0k pal\u010div\u00fdm bolestem v\u00fdkladu adventn\u00edho dogmatu nap\u0159. formou common sense (selsk\u00fdm &hellip; <a href=\"http:\/\/www.cestaviry.cz\/?p=240\">Cel\u00fd p\u0159\u00edsp\u011bvek <span class=\"meta-nav\">&rarr;<\/span><\/a><\/p>\n","protected":false},"author":1,"featured_media":0,"comment_status":"closed","ping_status":"open","sticky":false,"template":"","format":"standard","meta":[],"categories":[7],"tags":[],"_links":{"self":[{"href":"http:\/\/www.cestaviry.cz\/index.php?rest_route=\/wp\/v2\/posts\/240"}],"collection":[{"href":"http:\/\/www.cestaviry.cz\/index.php?rest_route=\/wp\/v2\/posts"}],"about":[{"href":"http:\/\/www.cestaviry.cz\/index.php?rest_route=\/wp\/v2\/types\/post"}],"author":[{"embeddable":true,"href":"http:\/\/www.cestaviry.cz\/index.php?rest_route=\/wp\/v2\/users\/1"}],"replies":[{"embeddable":true,"href":"http:\/\/www.cestaviry.cz\/index.php?rest_route=%2Fwp%2Fv2%2Fcomments&post=240"}],"version-history":[{"count":6,"href":"http:\/\/www.cestaviry.cz\/index.php?rest_route=\/wp\/v2\/posts\/240\/revisions"}],"predecessor-version":[{"id":253,"href":"http:\/\/www.cestaviry.cz\/index.php?rest_route=\/wp\/v2\/posts\/240\/revisions\/253"}],"wp:attachment":[{"href":"http:\/\/www.cestaviry.cz\/index.php?rest_route=%2Fwp%2Fv2%2Fmedia&parent=240"}],"wp:term":[{"taxonomy":"category","embeddable":true,"href":"http:\/\/www.cestaviry.cz\/index.php?rest_route=%2Fwp%2Fv2%2Fcategories&post=240"},{"taxonomy":"post_tag","embeddable":true,"href":"http:\/\/www.cestaviry.cz\/index.php?rest_route=%2Fwp%2Fv2%2Ftags&post=240"}],"curies":[{"name":"wp","href":"https:\/\/api.w.org\/{rel}","templated":true}]}}