{"id":1546,"date":"2024-11-02T17:14:02","date_gmt":"2024-11-02T17:14:02","guid":{"rendered":"https:\/\/www.cestaviry.cz\/?p=1546"},"modified":"2024-11-02T17:14:02","modified_gmt":"2024-11-02T17:14:02","slug":"husite-prvni-adventiste","status":"publish","type":"post","link":"http:\/\/www.cestaviry.cz\/?p=1546","title":{"rendered":"Husit\u00e9 &#8211; prvn\u00ed adventist\u00e9"},"content":{"rendered":"<p>D\u011bjiny husit\u016f v glorifikovan\u00e9 xenofobn\u00ed podob\u011b znaj\u00ed \u010dlenov\u00e9 c\u00edrkve adventist\u016f p\u0159ev\u00e1\u017en\u011b z knih Drama V\u011bk\u016f od E.G.Whiteov\u00e9. Ona sama,(tak jako jin\u00e9 stat\u011b) toto p\u0159evzala, od autor\u016f sv\u00e9 doby. V dynamitem nabit\u00e9 Americe sv\u00e9 doby se to hodilo, zrovna tak jako V\u00e1vrovi filmy u n\u00e1s komunistick\u00e9mu re\u017eimu, k p\u011bstov\u00e1n\u00ed je\u0161t\u011b v\u011bt\u0161\u00ed nen\u00e1visti v\u016f\u010di v\u0161emu co bylo a je katolick\u00e9.<\/p>\n<p style=\"text-align: left;\">\u00a0 <span style=\"color: #ff0000;\"><strong>P\u0159edt\u00edm si je\u0161t\u011b p\u0159ipome\u0148me, \u017ee adventismus stoj\u00ed mj. i na pil\u00ed\u0159i Milerit\u016f a tvrdit, \u017ee s nimi nem\u00e1 nic spole\u010dn\u00e9ho, je jako dnes tvrdit, \u017ee sou\u010dasn\u00e1 KS\u010cM nevych\u00e1z\u00ed z Marxismu.<\/strong><\/span><\/p>\n<p>\u00a0 \u00a0A ano, d\u011bjinn\u00ed husitsk\u00e9 hnut\u00ed m\u00e1 k adventist\u016fm velmi bl\u00edzko. Vzpome\u0148me alespo\u0148 n\u011bkolik sty\u010dn\u00fdch bod\u016f.<\/p>\n<ul>\n<li>bylo to hnut\u00ed ve sv\u00e9m zrodu, pln\u00e9 z\u00e1palu a fanatismu<\/li>\n<li>jeho stoupenci o\u010dek\u00e1vali 2. brzk\u00fd p\u0159\u00edchod<\/li>\n<li>prod\u00e1vali sv\u00e9 majetky a stahovali se do m\u011bst (nap\u0159. \u017datec, Louny, Klatovy a hlavn\u011b\u00a0 T\u00e1bor),kde hodlali p\u0159e\u010dkat kritick\u00e9 obdob\u00ed ,ne\u017e p\u0159ijde Kristus<\/li>\n<li>d\u011blali &#8222;plo\u0161nou evangelizaci&#8220; p\u0159i n\u00ed\u017e jedin\u00fd hnac\u00ed motor bylo znamen\u00ed apokalypsy<\/li>\n<li>st\u011b\u017e\u00ed se mohl naj\u00edt n\u011bkdo, kdo by \u0159ekl otev\u0159en\u011b: &#8222;nebl\u00e1zn\u011bte..&#8220; byl ozna\u010den za antikrista, bezv\u011brce<\/li>\n<li>sami se popisovali jako &#8222;v\u011brn\u00fdmi&#8220; ,tj. jedin\u00fd spr\u00e1vn\u011b v\u011b\u0159\u00edc\u00ed. Co mi to jen p\u0159ipom\u00edn\u00e1 s pojet\u00edm adventist\u016f sama sebe co by &#8222;ostatku&#8230;.&#8220;<\/li>\n<li>ur\u010dili tak\u00e9 datum Kristova druh\u00e9ho p\u0159\u00edchodu a to v polovin\u011b \u00fanora 1420<\/li>\n<li>kdy\u017e se nic nestalo(po t\u00e9 co \u010dekali, p\u0159esn\u011b jako v roce 1844 na kopc\u00edch, bez majetku, bez zaset\u00fdch pol\u00ed) odvedli zrovna tak pozornost na to, \u017ee to prob\u011bhlo &#8222;duchovn\u011b&#8220;<\/li>\n<li>sami husit\u00e9 a jejich mluv\u010d\u00ed pou\u017e\u00edvali, selskou, p\u0159ihlouplou r\u00e9toriku doslovnosti v\u00fdkladu bez jak\u00e9hokoliv bli\u017e\u0161\u00edho vzd\u011bl\u00e1n\u00ed .Jejich v\u016fdci se \u010dasto skl\u00e1dali z laick\u00fdch &#8222;vyklada\u010d\u016f Bo\u017e\u00edho z\u00e1kona&#8220; ,nebo z \u010derstv\u011b vysv\u011bcen\u00fdch kn\u011b\u017e\u00ed, bez jak\u00e9koliv praxe a teologick\u00e9ho vzd\u011bl\u00e1n\u00ed, zrovna tak ,jako u adventist\u016f, kde se i \u010dasto rekrutovalo z \u0159ad hav\u00ed\u0159\u016f, nebo sta\u010dilo proj\u00edt vlastn\u00ed adventistickou &#8222;\u0161kolu&#8220; bez hlub\u0161\u00edho pojet\u00ed teologie.<\/li>\n<li>jejich \u00fast\u0159edn\u00ed knihou byl kniha Zjeven\u00ed, kde se d\u00e1 &#8222;nejl\u00e9pe bruslit&#8220;<\/li>\n<li>zrovna tak jako prvn\u00ed adventist\u00e9 (a dodnes i jako radik\u00e1ln\u00ed adventist\u00e9) vyzn\u00e1vali dosa\u017een\u00ed bezh\u0159\u00ed\u0161nosti<\/li>\n<li>zrovna z\u00edtra jdu nav\u0161t\u00edvit dal\u0161\u00ed vyp\u00e1len\u00fd kl\u00e1\u0161ter, kde husit\u00e9 zni\u010dili mnoho historick\u00fdch knih, obraz\u016f a ve svat\u00e9m z\u00e1palu zn\u00e1silnili mnoho \u0159\u00e1dov\u00fdch sester.\u00a0 \u00a0 V obdob\u00ed vzniku adventist\u016f bylo nap\u011bt\u00ed mezi nimi a vl\u00e1dou tak napjat\u00e9, \u017ee vl\u00e1da byla naz\u00fdv\u00e1na v periodik\u00e1ch onou besti\u00ed z apokalypsy Zjeven\u00ed.<\/li>\n<li>u\u010dili \u017ee bude tis\u00edcilet\u00e9 kr\u00e1lovstv\u00ed- stejn\u00fd chiliasmus ,jako u adventist\u016f<\/li>\n<li>motivac\u00ed husit\u016f (obzvl\u00e1\u0161\u0165 ve m\u011bst\u011b T\u00e1bor) byl strach, pocit viny a fanatick\u00e9 nat\u011b\u0161en\u00ed.<\/li>\n<\/ul>\n<p>A mohl bych popisovat dal\u0161\u00ed a dal\u0161\u00ed naprosto sty\u010dn\u00e9 body pro stejn\u00e9 sekt\u00e1\u0159sk\u00e9 projevy a dokl\u00e1dat to spole\u010dn\u011b s odkazy od odborn\u00edk\u016f. Vych\u00e1z\u00edm z toho, \u017ee kdo chce -v\u00ed a najde si fakta.\u00a0 \u00a0 \u00a0 \u00a0 \u00a0 \u00a0 \u00a0 \u00a0 \u00a0 \u00a0 \u00a0 \u00a0 \u00a0 \u00a0 \u00a0 \u00a0 \u00a0 \u00a0 \u00a0 \u00a0 \u00a0 \u00a0 \u00a0 \u00a0 \u00a0 \u00a0 \u00a0 \u00a0 \u00a0 \u00a0 \u00a0 \u00a0 \u00a0 \u00a0 \u00a0 \u00a0 \u00a0 \u00a0 \u00a0 \u00a0 \u00a0 \u00a0 \u00a0 \u00a0 \u00a0 \u00a0 \u00a0 \u00a0 \u00a0 \u00a0 \u00a0 \u00a0 \u00a0 \u00a0 \u00a0 \u00a0 \u00a0 Ze v\u0161ech odkaz\u016f (pro ty co jsou l\u00edn\u00ed \u010d\u00edst) nap\u0159.<br \/>\nOdkaz od velmi dobr\u00e9ho odborn\u00edka, kter\u00fd nepot\u0159ebuje nic pomlouvat, ani p\u0159ikra\u0161lovat, nato\u017e si &#8222;p\u0159ih\u0159ejvat pol\u00edv\u010di\u010dku pro svoji denominaci&#8220;. Doporu\u010duji 3.d\u00edl<\/p>\n<p><a href=\"https:\/\/plus.rozhlas.cz\/petr-cornej-jan-zizka-zivot-a-doba-husitskeho-valecnika-od-lapkovskych-let-po-9326189\" onclick=\"_gaq.push(['_trackEvent', 'outbound-article', 'https:\/\/plus.rozhlas.cz\/petr-cornej-jan-zizka-zivot-a-doba-husitskeho-valecnika-od-lapkovskych-let-po-9326189', 'https:\/\/plus.rozhlas.cz\/petr-cornej-jan-zizka-zivot-a-doba-husitskeho-valecnika-od-lapkovskych-let-po-9326189']);\" >https:\/\/plus.rozhlas.cz\/petr-cornej-jan-zizka-zivot-a-doba-husitskeho-valecnika-od-lapkovskych-let-po-9326189<\/a><\/p>\n<p><span style=\"color: #ff0000;\">\u00a0I proto mi p\u0159ijde, dost <strong>chucpe<\/strong> v adventismu mluvit na toto t\u00e9ma nevyvodit z toho d\u016fsledky.<\/span><\/p>\n<p><a href=\"http:\/\/www.cestaviry.cz\/wp-content\/uploads\/2024\/11\/IMG-20241102-WA00002.jpg\"><img decoding=\"async\" loading=\"lazy\" class=\"wp-image-1547 aligncenter\" src=\"http:\/\/www.cestaviry.cz\/wp-content\/uploads\/2024\/11\/IMG-20241102-WA00002-706x1024.jpg\" alt=\"\" width=\"342\" height=\"492\" \/><\/a><\/p>\n<p style=\"text-align: center;\"><em><strong>Je to pak to sam\u00e9, jakoby Kate\u0159ina Kone\u010dn\u00e1 p\u0159edn\u00e1\u0161ela o brutalit\u011b Stalinismu.<\/strong><\/em><\/p>\n","protected":false},"excerpt":{"rendered":"<p>D\u011bjiny husit\u016f v glorifikovan\u00e9 xenofobn\u00ed podob\u011b znaj\u00ed \u010dlenov\u00e9 c\u00edrkve adventist\u016f p\u0159ev\u00e1\u017en\u011b z knih Drama V\u011bk\u016f od E.G.Whiteov\u00e9. Ona sama,(tak jako jin\u00e9 stat\u011b) toto p\u0159evzala, od autor\u016f sv\u00e9 doby. V dynamitem nabit\u00e9 Americe sv\u00e9 doby se to hodilo, zrovna tak jako &hellip; <a href=\"http:\/\/www.cestaviry.cz\/?p=1546\">Cel\u00fd p\u0159\u00edsp\u011bvek <span class=\"meta-nav\">&rarr;<\/span><\/a><\/p>\n","protected":false},"author":2,"featured_media":0,"comment_status":"closed","ping_status":"open","sticky":false,"template":"","format":"standard","meta":[],"categories":[1],"tags":[],"_links":{"self":[{"href":"http:\/\/www.cestaviry.cz\/index.php?rest_route=\/wp\/v2\/posts\/1546"}],"collection":[{"href":"http:\/\/www.cestaviry.cz\/index.php?rest_route=\/wp\/v2\/posts"}],"about":[{"href":"http:\/\/www.cestaviry.cz\/index.php?rest_route=\/wp\/v2\/types\/post"}],"author":[{"embeddable":true,"href":"http:\/\/www.cestaviry.cz\/index.php?rest_route=\/wp\/v2\/users\/2"}],"replies":[{"embeddable":true,"href":"http:\/\/www.cestaviry.cz\/index.php?rest_route=%2Fwp%2Fv2%2Fcomments&post=1546"}],"version-history":[{"count":4,"href":"http:\/\/www.cestaviry.cz\/index.php?rest_route=\/wp\/v2\/posts\/1546\/revisions"}],"predecessor-version":[{"id":1551,"href":"http:\/\/www.cestaviry.cz\/index.php?rest_route=\/wp\/v2\/posts\/1546\/revisions\/1551"}],"wp:attachment":[{"href":"http:\/\/www.cestaviry.cz\/index.php?rest_route=%2Fwp%2Fv2%2Fmedia&parent=1546"}],"wp:term":[{"taxonomy":"category","embeddable":true,"href":"http:\/\/www.cestaviry.cz\/index.php?rest_route=%2Fwp%2Fv2%2Fcategories&post=1546"},{"taxonomy":"post_tag","embeddable":true,"href":"http:\/\/www.cestaviry.cz\/index.php?rest_route=%2Fwp%2Fv2%2Ftags&post=1546"}],"curies":[{"name":"wp","href":"https:\/\/api.w.org\/{rel}","templated":true}]}}