{"id":1252,"date":"2017-07-02T17:48:15","date_gmt":"2017-07-02T17:48:15","guid":{"rendered":"http:\/\/www.cestaviry.cz\/?p=1252"},"modified":"2017-07-02T18:13:09","modified_gmt":"2017-07-02T18:13:09","slug":"zalostne-stejny","status":"publish","type":"post","link":"http:\/\/www.cestaviry.cz\/?p=1252","title":{"rendered":"\u017dalostn\u011b stejn\u00fd"},"content":{"rendered":"<div>\n<div>\u00a0 \u00a0Lid\u00e9 n\u00e1chyln\u00ed k \u00a0\u010dernob\u00edl\u00fdm \u0159e\u0161en\u00edm mi pos\u00edlaj\u00ed zaru\u010den\u00e9 zpr\u00e1vy o tom,\u017ee je to u\u017e tady,t\u011b\u0161\u00edce se na to,jak se pr\u00fd napl\u0148uje jejich apokalyptick\u00e9 du\u0161en\u00ed spole\u010dnosti.Mnoh\u00e9 c\u00edrkve,cht\u011bj\u00ed je\u0161t\u011b \u00a0tak vyma\u010dkat ze smutn\u00e9ho stavu sv\u011bta posledn\u00ed zbytky ove\u010dek zastra\u0161en\u00fdch &#8222;Bohem pomsty.&#8220;<\/div>\n<div>\u00a0K tomu slou\u017e\u00ed i mnoho web\u016f,spikleneck\u00fdch teori\u00ed,konspira\u010dn\u00edch zpr\u00e1v.<\/div>\n<div>\u00a0Uvedu pro uk\u00e1zku,alespo\u0148 jednu oblast:<\/div>\n<div>U\u017e v\u00edm pro\u010d se mi nezd\u00e1li v\u017edy Parlamentn\u00ed listy a podobn\u00e9.<\/div>\n<div>\u00a0Masarykova universita:<\/div>\n<div><a href=\"https:\/\/www.online.muni.cz\/veda-a-vyzkum\/7790-vyzkum-prokremelska-propaganda-vyuziva-nekale-novinarske-praktiky\" onclick=\"_gaq.push(['_trackEvent', 'outbound-article', 'https:\/\/www.online.muni.cz\/veda-a-vyzkum\/7790-vyzkum-prokremelska-propaganda-vyuziva-nekale-novinarske-praktiky', 'https:\/\/www.online.muni.cz\/veda-a-vyzkum\/7790-vyzkum-prokremelska-propaganda-vyuziva-nekale-novinarske-praktiky']);\" title=\"https:\/\/www.online.muni.cz\/veda-a-vyzkum\/7790-vyzkum-prokremelska-propaganda-vyuziva-nekale-novinarske-praktiky\">https:\/\/www.online.muni.cz\/veda-a-vyzkum\/7790-vyzkum-prokremelska-propaganda-vyuziva-nekale-novinarske-praktiky<\/a><\/div>\n<div><\/div>\n<div>P\u011bkn\u011b i <strong><u>s d\u016fkazy<\/u><\/strong> to popsali zde:<\/div>\n<div><a href=\"http:\/\/byznys.lidovky.cz\/parlamentni-listy-jsou-radikalni-listy-f0d-\/media.aspx?c=A150817_124641_ln_nazory_ELE\" onclick=\"_gaq.push(['_trackEvent', 'outbound-article', 'http:\/\/byznys.lidovky.cz\/parlamentni-listy-jsou-radikalni-listy-f0d-\/media.aspx?c=A150817_124641_ln_nazory_ELE', 'http:\/\/byznys.lidovky.cz\/parlamentni-listy-jsou-radikalni-listy-f0d-\/media.aspx?c=A150817_124641_ln_nazory_ELE']);\" title=\"http:\/\/byznys.lidovky.cz\/parlamentni-listy-jsou-radikalni-listy-f0d-\/media.aspx?c=A150817_124641_ln_nazory_ELE\">http:\/\/byznys.lidovky.cz\/parlamentni-listy-jsou-radikalni-listy-f0d-\/media.aspx?c=A150817_124641_ln_nazory_ELE<\/a><\/div>\n<div><\/div>\n<div><\/div>\n<div>A takto se to d\u011bl\u00e1 se \u201czaru\u010den\u00fdmi\u201d videi&#8230;.<\/div>\n<div><a href=\"https:\/\/www.stream.cz\/teorie-spiknuti\/10018166-zakerny-muslim-uderil-ridice-autobusu-ten-si-to-nenechal-libit-aneb-jak-rozeznat-podvod-od-reality\" onclick=\"_gaq.push(['_trackEvent', 'outbound-article', 'https:\/\/www.stream.cz\/teorie-spiknuti\/10018166-zakerny-muslim-uderil-ridice-autobusu-ten-si-to-nenechal-libit-aneb-jak-rozeznat-podvod-od-reality', 'https:\/\/www.stream.cz\/teorie-spiknuti\/10018166-zakerny-muslim-uderil-ridice-autobusu-ten-si-to-nenechal-libit-aneb-jak-rozeznat-podvod-od-reality']);\" title=\"https:\/\/www.stream.cz\/teorie-spiknuti\/10018166-zakerny-muslim-uderil-ridice-autobusu-ten-si-to-nenechal-libit-aneb-jak-rozeznat-podvod-od-reality\">https:\/\/www.stream.cz\/teorie-spiknuti\/10018166-zakerny-muslim-uderil-ridice-autobusu-ten-si-to-nenechal-libit-aneb-jak-rozeznat-podvod-od-reality<\/a><\/div>\n<div><\/div>\n<div>\u00a0 \u00a0Na mnoha webech se viditelnost prokomunistick\u00fdch n\u00e1zor\u016f se postupn\u011b op\u011bt zas\u00e9v\u00e1 Projevuje se siln\u00e1 vazba na Ruskou slepou propagandu.<\/div>\n<\/div>\n<div style=\"font-size: small; text-decoration: none; font-family: 'Calibri'; font-weight: normal; color: #000000; font-style: normal; display: inline;\">\n<div dir=\"ltr\">\n<div dir=\"ltr\">\n<div>Pro anga\u017eovanost pro Zemana,kter\u00e9mu d\u00e1vaj\u00ed velik\u00fd prostor je taky viditeln\u00e1&#8230;<\/div>\n<div>Rasistick\u00fd a n\u00e1ckovsk\u00fd podtext,kter\u00fd u\u017e d\u0159\u00edve d\u00e1val prostor p\u0159i zve\u0159ej\u0148ov\u00e1n\u00ed \u010dl\u00e1nk\u016f od D\u011blnick\u00e9 strany&#8230;&#8230;<\/div>\n<div>Zjednodu\u0161ov\u00e1n\u00ed slo\u017eit\u00e9 situace Isl\u00e1msk\u00fdch radik\u00e1l\u016f&#8230;..<\/div>\n<div>Konspira\u010dn\u00ed teorie z toho jen s\u00e1laj\u00ed &#8230;.<\/div>\n<div><\/div>\n<div><\/div>\n<div><span style=\"font-family: Arial;\">V\u011bd\u00ed to v\u0161ichni nez\u00e1visl\u00ed \u017eurnalist\u00e9,politologov\u00e9,profeso\u0159i,<span style=\"white-space: normal; word-spacing: 0px; text-transform: none; float: none; text-align: left; orphans: 2; widows: 2; display: inline !important; letter-spacing: normal; text-indent: 0px; font-variant-ligatures: normal; font-variant-caps: normal; -webkit-text-stroke-width: 0px; text-decoration-style: initial; text-decoration-color: initial;\"><span style=\"color: #222222;\">teologov\u00e9, religionist\u00e9, sociologov\u00e9, vysoko\u0161kol\u0161t\u00ed pedagogov\u00e9, psychologov\u00e9, filozofov\u00e9&#8230;atd.\u00a0 <span class=\"Apple-converted-space\">\u00a0<\/span><\/span><\/span><\/span><\/div>\n<div><span style=\"white-space: normal; word-spacing: 0px; text-transform: none; float: none; text-align: left; orphans: 2; widows: 2; display: inline !important; letter-spacing: normal; text-indent: 0px; font-variant-ligatures: normal; font-variant-caps: normal; -webkit-text-stroke-width: 0px; text-decoration-style: initial; text-decoration-color: initial;\"><span style=\"font-family: Arial;\"><span style=\"color: #222222;\"><span class=\"Apple-converted-space\">Vesm\u011bs v\u011bt\u0161ina ne\u00faplatn\u00fdch lid\u00ed,kter\u00fdch si i V\u00e1\u017e\u00edm&#8230;(nebudu je vypisovat.)<\/span><\/span><\/span><\/span><\/div>\n<div><span style=\"white-space: normal; word-spacing: 0px; text-transform: none; float: none; text-align: left; orphans: 2; widows: 2; display: inline !important; letter-spacing: normal; text-indent: 0px; font-variant-ligatures: normal; font-variant-caps: normal; -webkit-text-stroke-width: 0px; text-decoration-style: initial; text-decoration-color: initial;\"><span style=\"font-family: Arial;\"><span style=\"color: #222222;\"><span class=\"Apple-converted-space\">A je divn\u00e9,\u017ee na hodnocen\u00ed Parlamentn\u00edch list\u016f se opravdu shodnou.<\/span><\/span><\/span><\/span><\/div>\n<div><\/div>\n<div><strong><em>Ne\u017e se pod cokoliv podep\u00ed\u0161e\u0161,nasd\u00edl\u00ed\u0161,okomentuje\u0161,tak p\u0159ed t\u00edm p\u0159em\u00fd\u0161lej.Pokud nechce\u0161 b\u00fdt \u017ealostn\u011b stejn\u00fd&#8230;.<a href=\"http:\/\/www.cestaviry.cz\/wp-content\/uploads\/2017\/07\/0130.jpg\" rel=\"attachment wp-att-1253\"><img decoding=\"async\" loading=\"lazy\" class=\"alignnone size-large wp-image-1253\" src=\"http:\/\/www.cestaviry.cz\/wp-content\/uploads\/2017\/07\/0130-1024x640.jpg\" alt=\"0130\" width=\"584\" height=\"365\" srcset=\"http:\/\/www.cestaviry.cz\/wp-content\/uploads\/2017\/07\/0130-1024x640.jpg 1024w, http:\/\/www.cestaviry.cz\/wp-content\/uploads\/2017\/07\/0130-300x188.jpg 300w, http:\/\/www.cestaviry.cz\/wp-content\/uploads\/2017\/07\/0130-768x480.jpg 768w, http:\/\/www.cestaviry.cz\/wp-content\/uploads\/2017\/07\/0130-480x300.jpg 480w, http:\/\/www.cestaviry.cz\/wp-content\/uploads\/2017\/07\/0130.jpg 1280w\" sizes=\"(max-width: 584px) 100vw, 584px\" \/><\/a><\/em><\/strong><\/div>\n<\/div>\n<div>______________________________________________________________________<\/div>\n<div>\n<div>Tak t\u0159eba z jin\u00fdch zdroj\u016f:<\/div>\n<div><a href=\"https:\/\/cs.wikipedia.org\/wiki\/Parlamentn%C3%AD_listy\" onclick=\"_gaq.push(['_trackEvent', 'outbound-article', 'https:\/\/cs.wikipedia.org\/wiki\/Parlamentn%C3%AD_listy', 'https:\/\/cs.wikipedia.org\/wiki\/Parlamentn%C3%AD_listy']);\" title=\"https:\/\/cs.wikipedia.org\/wiki\/Parlamentn%C3%AD_listy\">https:\/\/cs.wikipedia.org\/wiki\/Parlamentn%C3%AD_listy<\/a><\/div>\n<div>sta\u010d\u00ed u\u017e prvn\u00ed v\u011bty&#8230;.<\/div>\n<div><\/div>\n<div>A zde:<\/div>\n<div><a href=\"https:\/\/blisty.cz\/art\/78334.html\" onclick=\"_gaq.push(['_trackEvent', 'outbound-article', 'https:\/\/blisty.cz\/art\/78334.html', 'https:\/\/blisty.cz\/art\/78334.html']);\" title=\"https:\/\/blisty.cz\/art\/78334.html\">https:\/\/blisty.cz\/art\/78334.html<\/a><\/div>\n<div><a href=\"http:\/\/www.rozhlas.cz\/cro6\/stop\/_zprava\/1025781\" onclick=\"_gaq.push(['_trackEvent', 'outbound-article', 'http:\/\/www.rozhlas.cz\/cro6\/stop\/_zprava\/1025781', 'http:\/\/www.rozhlas.cz\/cro6\/stop\/_zprava\/1025781']);\" title=\"http:\/\/www.rozhlas.cz\/cro6\/stop\/_zprava\/1025781\">http:\/\/www.rozhlas.cz\/cro6\/stop\/_zprava\/1025781<\/a><\/div>\n<\/div>\n<\/div>\n<\/div>\n","protected":false},"excerpt":{"rendered":"<p>\u00a0 \u00a0Lid\u00e9 n\u00e1chyln\u00ed k \u00a0\u010dernob\u00edl\u00fdm \u0159e\u0161en\u00edm mi pos\u00edlaj\u00ed zaru\u010den\u00e9 zpr\u00e1vy o tom,\u017ee je to u\u017e tady,t\u011b\u0161\u00edce se na to,jak se pr\u00fd napl\u0148uje jejich apokalyptick\u00e9 du\u0161en\u00ed spole\u010dnosti.Mnoh\u00e9 c\u00edrkve,cht\u011bj\u00ed je\u0161t\u011b \u00a0tak vyma\u010dkat ze smutn\u00e9ho stavu sv\u011bta posledn\u00ed zbytky ove\u010dek zastra\u0161en\u00fdch &#8222;Bohem pomsty.&#8220; &hellip; <a href=\"http:\/\/www.cestaviry.cz\/?p=1252\">Cel\u00fd p\u0159\u00edsp\u011bvek <span class=\"meta-nav\">&rarr;<\/span><\/a><\/p>\n","protected":false},"author":2,"featured_media":0,"comment_status":"closed","ping_status":"open","sticky":false,"template":"","format":"standard","meta":[],"categories":[1],"tags":[],"_links":{"self":[{"href":"http:\/\/www.cestaviry.cz\/index.php?rest_route=\/wp\/v2\/posts\/1252"}],"collection":[{"href":"http:\/\/www.cestaviry.cz\/index.php?rest_route=\/wp\/v2\/posts"}],"about":[{"href":"http:\/\/www.cestaviry.cz\/index.php?rest_route=\/wp\/v2\/types\/post"}],"author":[{"embeddable":true,"href":"http:\/\/www.cestaviry.cz\/index.php?rest_route=\/wp\/v2\/users\/2"}],"replies":[{"embeddable":true,"href":"http:\/\/www.cestaviry.cz\/index.php?rest_route=%2Fwp%2Fv2%2Fcomments&post=1252"}],"version-history":[{"count":5,"href":"http:\/\/www.cestaviry.cz\/index.php?rest_route=\/wp\/v2\/posts\/1252\/revisions"}],"predecessor-version":[{"id":1258,"href":"http:\/\/www.cestaviry.cz\/index.php?rest_route=\/wp\/v2\/posts\/1252\/revisions\/1258"}],"wp:attachment":[{"href":"http:\/\/www.cestaviry.cz\/index.php?rest_route=%2Fwp%2Fv2%2Fmedia&parent=1252"}],"wp:term":[{"taxonomy":"category","embeddable":true,"href":"http:\/\/www.cestaviry.cz\/index.php?rest_route=%2Fwp%2Fv2%2Fcategories&post=1252"},{"taxonomy":"post_tag","embeddable":true,"href":"http:\/\/www.cestaviry.cz\/index.php?rest_route=%2Fwp%2Fv2%2Ftags&post=1252"}],"curies":[{"name":"wp","href":"https:\/\/api.w.org\/{rel}","templated":true}]}}