{"id":1119,"date":"2016-04-12T17:59:57","date_gmt":"2016-04-12T17:59:57","guid":{"rendered":"http:\/\/www.cestaviry.cz\/?p=1119"},"modified":"2016-04-12T18:51:26","modified_gmt":"2016-04-12T18:51:26","slug":"hltaci-konspiraci","status":"publish","type":"post","link":"http:\/\/www.cestaviry.cz\/?p=1119","title":{"rendered":"Hlta\u010di konspirac\u00ed"},"content":{"rendered":"<p>Tam, kde chyb\u00ed \u017eiv\u00e9 Bo\u017e\u00ed slovo, nen\u00ed ani tak probl\u00e9m v\u00a0nev\u00ed\u0159e, ale v\u00a0tom, \u017ee je \u010dlov\u011bk schopen pak v\u011b\u0159it \u010demukoliv. \u010clenov\u00e9 p\u0159ev\u00e1\u017en\u011b evangelik\u00e1ln\u00edch fundament\u00e1ln\u00edch proud\u016f americk\u00e9ho protestantismu jsou na toto velice chytlav\u00ed.<\/p>\n<p>Nen\u00ed toho u\u0161et\u0159en ani adventismus. Ba, co v\u00edc. V\u017edy\u0165 historicky byl a je postaven na d\u00e9monizaci okol\u00ed, \u010dernob\u00edl\u00e9m vid\u011bn\u00ed sv\u011bta. P\u0159in\u00e1\u0161\u00ed tak \u010dlen\u016fm jak\u00fdsi fale\u0161n\u00fd pocit jistoty a orientace. Definice nep\u0159\u00edtele byla v\u017edy hnac\u00ed motor, kter\u00fd uv\u00e1d\u011bl a znovu uv\u00e1d\u00ed \u010dleny do pohybu (jak se koneckonc\u016f znovu uk\u00e1zalo p\u0159i n\u00e1v\u0161t\u011bv\u011b a promluv\u00e1ch konspir\u00e1tora a fabul\u00e1tora W. Veitha). Ale <strong>neschopnost \u017e\u00edt bez nep\u0159\u00edtele<\/strong> nelze sv\u00e9st pouze na tuto jednu osobu. Adventismus v\u00a0u\u010den\u00ed, ve spisech zakladatelky, v hlavn\u00edch p\u0159edstavitel\u00edch, ale i v\u00a0m\u00edstn\u00edch sborov\u00fdch koloritech je opravdu houbou pro konspira\u010dn\u00ed teorie.<\/p>\n<p>Z\u00a0mnoha konspirac\u00ed jich jmenujme alespo\u0148 p\u00e1r, abychom si na nich uk\u00e1zali absurditu \u0161\u00ed\u0159en\u00e9ho.<\/p>\n<p>&#8211; Snad nejzn\u00e1m\u011bj\u0161\u00ed je probl\u00e9m 11. z\u00e1\u0159\u00ed. Kolik mi jen \u010dlen\u016f p\u0159epos\u00edlalo \u201ezaru\u010den\u00e9 d\u016fkazy\u201c, jak si teroristick\u00fd \u00fatok provedli Ameri\u010dan\u00e9 sami. Jsem unaven\u00fd z\u00a0toho to n\u011bjak vyvracet. Snad jen na zv\u00e1\u017eenou v\u00fdsek z\u00a0jedn\u00e9 zaj\u00edmav\u00e9 p\u0159edn\u00e1\u0161ky, kde to kr\u00e1sn\u011b po \u010desku odborn\u00edk z\u00a0praxe komentuje:<\/p>\n<p><iframe loading=\"lazy\" width=\"584\" height=\"329\" src=\"https:\/\/www.youtube.com\/embed\/_T8tRMxR1oM?feature=oembed\" frameborder=\"0\" allowfullscreen><\/iframe><\/p>\n<p>&nbsp;<\/p>\n<p>&nbsp;<\/p>\n<p>&#8211; Vzpome\u0148me i na volbu prezidenta, kde op\u011bt kolovaly \u201ezaru\u010den\u00e9 zpr\u00e1vy\u201c na kandid\u00e1ta K. Schwarzenberga. A to hojn\u011b od \u010dlen\u016f CASD &#8211; proto\u017ee je vyzn\u00e1n\u00edm \u0159\u00edmskokatolik, nehodil se do kr\u00e1mu,<\/p>\n<p><a href=\"http:\/\/www.cestaviry.cz\/wp-content\/uploads\/2016\/04\/JB489658_ks1.jpg\" rel=\"attachment wp-att-1120\"><img decoding=\"async\" loading=\"lazy\" class=\"alignnone wp-image-1120\" src=\"http:\/\/www.cestaviry.cz\/wp-content\/uploads\/2016\/04\/JB489658_ks1.jpg\" alt=\"JB489658_ks1\" width=\"427\" height=\"267\" \/><\/a><\/p>\n<p>a tak \u010dlenov\u00e9 v m\u00e9m okol\u00ed volili rad\u011bji ateistu Zemana. (Douf\u00e1m, \u017ee jim n\u011bco do\u0161lo po letech\u2026) Zd\u016fvodn\u011bn\u00ed: Schwarzenberg byl p\u0159ece \u00fa\u010dastn\u00edk zedn\u00e1\u0159sk\u00fdch l\u00f3\u017e\u00ed a spolk\u016f, vyvolenec tajn\u00e9 sv\u011btov\u00e9 korporace Bildeberg, kter\u00e1 jej p\u0159edur\u010dila vl\u00e1dnout \u010desk\u00e9 zemi. \u010cas od t\u00e9to konspirace uplynul, nic se nepotvrdilo, ani nenaplnilo\u2026 a ovoce chov\u00e1n\u00ed sou\u010dasn\u00e9ho prezidenta skl\u00edz\u00edme.<\/p>\n<p>&#8211; Dal\u0161\u00ed kauzou ze \u0161\u00ed\u0159en\u00fdch konspirac\u00ed na webech adventist\u016f a, podot\u00fdk\u00e1m, i na ofici\u00e1ln\u00edch sv\u011btov\u00fdch, za\u0161t\u00edt\u011bn\u00fdch logem a chr\u00e1n\u011bnou zna\u010dkou CASD, jsou zaru\u010den\u00e9 informace o jezuitsk\u00fdch spiknut\u00edch a \u0159\u00e1dech, kte\u0159\u00ed se net\u011b\u0161\u00ed na nic jin\u00e9ho, ne\u017e jak ovl\u00e1dnout zemi a pron\u00e1sledovat adventisty.<\/p>\n<p><a href=\"http:\/\/www.cestaviry.cz\/wp-content\/uploads\/2016\/04\/James-Martin_velky.jpg\" rel=\"attachment wp-att-1121\"><img decoding=\"async\" loading=\"lazy\" class=\"alignnone size-full wp-image-1121\" src=\"http:\/\/www.cestaviry.cz\/wp-content\/uploads\/2016\/04\/James-Martin_velky.jpg\" alt=\"James-Martin_velky\" width=\"350\" height=\"260\" srcset=\"http:\/\/www.cestaviry.cz\/wp-content\/uploads\/2016\/04\/James-Martin_velky.jpg 350w, http:\/\/www.cestaviry.cz\/wp-content\/uploads\/2016\/04\/James-Martin_velky-300x223.jpg 300w\" sizes=\"(max-width: 350px) 100vw, 350px\" \/><\/a><\/p>\n<p>Nic v tom nepom\u016f\u017ee, ani statistika sou\u010dasn\u00e9 jezuitsk\u00e9 z\u00e1kladny 20 000 \u010dlen\u016f, kte\u0159\u00ed se v\u011bnuj\u00ed p\u0159ev\u00e1\u017en\u011b misii, pastoraci, v\u011bd\u011b a vzd\u011bl\u00e1v\u00e1n\u00ed. Pros\u00edm, v\u00a0tomto po\u010dtu (dle adventist\u016f) ovl\u00e1daj\u00ed i isl\u00e1m, hinduismus atd., atd. Pokud se v\u00a0\u010cech\u00e1ch n\u011bkdo z\u00a0veden\u00ed c\u00edrkve \u010dlen\u016fm znel\u00edb\u00ed, je ihned ozna\u010dov\u00e1n za tajn\u00e9ho jezuitu nasazen\u00e9ho rozvr\u00e1tit ostatek. (Viz zru\u0161en\u00e9 p\u0159\u00edsp\u011bvky na facebooku p\u0159edsedy c\u00edrkve od \u010dlen\u016f ve velk\u00e9m po\u010dtu). Ur\u010dit\u011b m\u00e1 tento \u0159\u00e1d i temn\u00e9 st\u00edny ve sv\u00e9 historii jezuitsk\u00e9 misie v\u00a0\u010cech\u00e1ch a pod\u00edl na pron\u00e1sledov\u00e1n\u00ed nekatol\u00edk\u016f, na kter\u00fd nelze ale pohl\u00ed\u017eet zjednodu\u0161en\u00fdm pohledem Jir\u00e1skova Temna.<\/p>\n<p>Nic nepom\u016f\u017ee k\u00a0vyvr\u00e1cen\u00ed konspira\u010dn\u00edch spis\u016f o jezuitech, ani to, \u017ee historicky jezuit\u00e9 nikdy nem\u011bli v\u00a0re\u017eii inkvizici, jejich zakladatel byl dokonce inkvizic\u00ed vysl\u00fdch\u00e1n a jeden z\u00a0jejich \u010dlen\u016f, Frederich von Spee, se zaslou\u017eil o konec hon\u016f na \u010darod\u011bjnice.<\/p>\n<p>Na rozd\u00edl od adventismu, jezuit\u00e9 nikdy nebyli nep\u0159\u00e1tel\u00e9 pokroku, v\u017edy se vzd\u011bl\u00e1vali a m\u011bli z\u00e1jem o v\u011bdu a z\u00a0jejich \u0159ad vze\u0161lo mnoho u\u010denc\u016f, kte\u0159\u00ed pomohli v\u00a0rozvoji lidstva.<\/p>\n<p>Kdy\u017e nap\u0159. v\u00a0Praze propukl mor roku 1680 a zem\u0159elo 32\u00a0000 lid\u00ed, byli to pr\u00e1v\u011b i jezuit\u00e9, kte\u0159\u00ed um\u00edrali p\u0159i pomoci nemocn\u00fdch, kter\u00fdch se ujali.<\/p>\n<p>&nbsp;<\/p>\n<p>A tak jsem cht\u011bl jen nab\u00eddnout jin\u00fd pohled, abychom d\u0159\u00edve, ne\u017e si vytvo\u0159\u00edme imagin\u00e1rn\u00ed nep\u0159\u00e1tele, zv\u00e1\u017eili, jestli nejsme nep\u0159\u00e1teli sami sob\u011b, jestli nejsme nam\u00edsto spat\u0159en\u00ed \u00falohy sebe sam\u00fdch ve spole\u010dnosti pouh\u00fdmi hlta\u010di konspirac\u00ed.<\/p>\n","protected":false},"excerpt":{"rendered":"<p>Tam, kde chyb\u00ed \u017eiv\u00e9 Bo\u017e\u00ed slovo, nen\u00ed ani tak probl\u00e9m v\u00a0nev\u00ed\u0159e, ale v\u00a0tom, \u017ee je \u010dlov\u011bk schopen pak v\u011b\u0159it \u010demukoliv. \u010clenov\u00e9 p\u0159ev\u00e1\u017en\u011b evangelik\u00e1ln\u00edch fundament\u00e1ln\u00edch proud\u016f americk\u00e9ho protestantismu jsou na toto velice chytlav\u00ed. Nen\u00ed toho u\u0161et\u0159en ani adventismus. Ba, co v\u00edc. &hellip; <a href=\"http:\/\/www.cestaviry.cz\/?p=1119\">Cel\u00fd p\u0159\u00edsp\u011bvek <span class=\"meta-nav\">&rarr;<\/span><\/a><\/p>\n","protected":false},"author":2,"featured_media":0,"comment_status":"closed","ping_status":"open","sticky":false,"template":"","format":"standard","meta":[],"categories":[1],"tags":[],"_links":{"self":[{"href":"http:\/\/www.cestaviry.cz\/index.php?rest_route=\/wp\/v2\/posts\/1119"}],"collection":[{"href":"http:\/\/www.cestaviry.cz\/index.php?rest_route=\/wp\/v2\/posts"}],"about":[{"href":"http:\/\/www.cestaviry.cz\/index.php?rest_route=\/wp\/v2\/types\/post"}],"author":[{"embeddable":true,"href":"http:\/\/www.cestaviry.cz\/index.php?rest_route=\/wp\/v2\/users\/2"}],"replies":[{"embeddable":true,"href":"http:\/\/www.cestaviry.cz\/index.php?rest_route=%2Fwp%2Fv2%2Fcomments&post=1119"}],"version-history":[{"count":2,"href":"http:\/\/www.cestaviry.cz\/index.php?rest_route=\/wp\/v2\/posts\/1119\/revisions"}],"predecessor-version":[{"id":1123,"href":"http:\/\/www.cestaviry.cz\/index.php?rest_route=\/wp\/v2\/posts\/1119\/revisions\/1123"}],"wp:attachment":[{"href":"http:\/\/www.cestaviry.cz\/index.php?rest_route=%2Fwp%2Fv2%2Fmedia&parent=1119"}],"wp:term":[{"taxonomy":"category","embeddable":true,"href":"http:\/\/www.cestaviry.cz\/index.php?rest_route=%2Fwp%2Fv2%2Fcategories&post=1119"},{"taxonomy":"post_tag","embeddable":true,"href":"http:\/\/www.cestaviry.cz\/index.php?rest_route=%2Fwp%2Fv2%2Ftags&post=1119"}],"curies":[{"name":"wp","href":"https:\/\/api.w.org\/{rel}","templated":true}]}}