{"id":1063,"date":"2016-02-24T17:16:04","date_gmt":"2016-02-24T17:16:04","guid":{"rendered":"http:\/\/www.cestaviry.cz\/?p=1063"},"modified":"2016-03-08T18:33:15","modified_gmt":"2016-03-08T18:33:15","slug":"nejak-je-preveithovano-nebo-prewhiteovano","status":"publish","type":"post","link":"http:\/\/www.cestaviry.cz\/?p=1063","title":{"rendered":"N\u011bjak je p\u0159eVeithov\u00e1no , (nebo p\u0159eWhiteov\u00e1no)"},"content":{"rendered":"<p>Ur\u010dit\u011b \u010dten\u00e1\u0159\u016fm str\u00e1nek, \u010dlen\u016fm CASD, neunikla zpr\u00e1va, \u017ee na\u0161i vlast n\u011bkdo nav\u0161t\u00edv\u00ed s p\u0159edn\u00e1\u0161kami. \u0158e\u010dn\u00edk Walter Veith. U\u017e jen po p\u0159e\u010dten\u00ed n\u00e1zvu p\u0159edn\u00e1\u0161ek mi \u0161el mr\u00e1z po z\u00e1dech.<\/p>\n<p>Pokud je hnac\u00edm motorem v CASD konspirace a lidi bav\u00ed &#8222;vzr\u016f\u0161o&#8220; a ne poctiv\u00e9 hled\u00e1n\u00ed Bo\u017e\u00edho z\u00e1m\u011bru-ur\u010dit\u011b to od t\u00e9to osoby dostanou.Nicm\u00e9n\u011b nemysl\u00edm si,\u017ee \u00fato\u010den\u00ed,xenofobie a antisemitismus je zrovna ono &#8222;trojand\u011blsk\u00e9 poselstv\u00ed&#8220;.<\/p>\n<p><a href=\"http:\/\/www.cestaviry.cz\/wp-content\/uploads\/2016\/02\/super-061.jpg\" rel=\"attachment wp-att-1064\"><img decoding=\"async\" loading=\"lazy\" class=\"alignnone size-large wp-image-1064\" src=\"http:\/\/www.cestaviry.cz\/wp-content\/uploads\/2016\/02\/super-061-1024x640.jpg\" alt=\"super 061\" width=\"584\" height=\"365\" srcset=\"http:\/\/www.cestaviry.cz\/wp-content\/uploads\/2016\/02\/super-061-1024x640.jpg 1024w, http:\/\/www.cestaviry.cz\/wp-content\/uploads\/2016\/02\/super-061-300x188.jpg 300w, http:\/\/www.cestaviry.cz\/wp-content\/uploads\/2016\/02\/super-061-768x480.jpg 768w, http:\/\/www.cestaviry.cz\/wp-content\/uploads\/2016\/02\/super-061-480x300.jpg 480w, http:\/\/www.cestaviry.cz\/wp-content\/uploads\/2016\/02\/super-061.jpg 1920w\" sizes=\"(max-width: 584px) 100vw, 584px\" \/><\/a><br \/>\nTak\u00e9 by st\u00e1lo za to porovnat v\u00fdroky W.Veitha o posledn\u00edm pape\u017ei, kter\u00fd z adventismem zato\u010d\u00ed, ale ejhle&#8230;on u\u017e nen\u00ed pape\u017eem.<br \/>\nObdivuji jeho &#8222;p\u0159ekab\u00e1t\u011bn\u00ed&#8220; z hlavn\u00edho \u00fatoku na katolick\u00e9 spoluv\u011b\u0159\u00edc\u00ed i na probl\u00e9m isl\u00e1mu. Tam se musel hodn\u011b zapotit,neb zdroje od EGW ml\u010d\u00ed. Opravdu tento D\u00e4niken adventismu ztratil ji\u017e p\u0159ed lety mezi odborn\u00edky, teology, historiky, archeology sv\u016fj kredit.<br \/>\nJe sice z\u00e1slu\u017en\u00e9, \u017ee u\u017e kone\u010dn\u011b n\u011bkdo reagoval na l\u017ei W.Veitha<br \/>\n<a href=\"http:\/\/mpavlik.casd.cz\/wp-content\/uploads\/2016\/02\/JEN-PROSTY-CLOVEK.pdf\" onclick=\"_gaq.push(['_trackEvent','download','http:\/\/mpavlik.casd.cz\/wp-content\/uploads\/2016\/02\/JEN-PROSTY-CLOVEK.pdf']);\" class=\"postlink\">http:\/\/mpavlik.casd.cz\/wp-content\/uploa &#8230; CLOVEK.pdf<\/a>\u00a0ale je tak trochu pozd\u011b a hlavn\u011b 58 zvedl\u00fdch palc\u016f na facebooku je opravdu m\u00e1lo oproti v\u011bt\u0161in\u011b.<br \/>\nKdy\u017e u\u017e ani toto nepom\u016f\u017ee-schv\u00e1ln\u011b pozorujte,jak\u00e9 ovoce nos\u00ed lid\u00e9 na jeho &#8222;poselstv\u00ed&#8220; napojen\u00ed, jak\u00e9 fundamentalistick\u00e9 zlo to d\u011bl\u00e1 ve sborech.<br \/>\nDomn\u00edv\u00e1m se \u017ee ani nepom\u016f\u017ee distanc od n\u011bkter\u00fdch \u010dlen\u016f \u010cS CASD a prohl\u00e1\u0161en\u00ed, \u017ee CASD Amazing, kter\u00e1 toto v\u0161e financuje nem\u00e1 nic spole\u010dn\u00e9ho z CASD. V\u017edy tato spole\u010dnost v c\u00edrkvi vyu\u017e\u00edvala prezentaci ofic.web\u016f c\u00edrkve, sbor\u016f a \u010destn\u00e9ho zastoupen\u00ed na GK.<br \/>\n<strong>P\u0159iznejme si to. Tato spole\u010dnost a W.Veith &#8222;pouze v\u011brn\u011b&#8220;prezentuj\u00ed a produkuj\u00ed to co EGW nastolila a to je ten pr\u016f\u0161vih.<\/strong><br \/>\nKoneckonc\u016f i jednu z jejich nejtrapn\u011bj\u0161\u00edch kn\u00ed\u017eek, v\u016fd\u010d\u00ed lid\u00e9 z GK a okol\u00ed sv\u00fdmi recenzemi sv\u00e9ho \u010dasu pochv\u00e1lili (<strong>str-7-10.<\/strong>)<br \/>\n<a href=\"http:\/\/www.znamenicasu.cz\/files\/19-25-plizivy-kompromis.pdf\" onclick=\"_gaq.push(['_trackEvent','download','http:\/\/www.znamenicasu.cz\/files\/19-25-plizivy-kompromis.pdf']);\" class=\"postlink\">http:\/\/www.znamenicasu.cz\/files\/19-25-p &#8230; promis.pdf<\/a><\/p>\n<p>( Po zve\u0159ejn\u011bn\u00ed odkazu byl odkaz lidmi monitoruj\u00edc\u00edmi str\u00e1nky, smaz\u00e1n,tak p\u0159ikl\u00e1d\u00e1m obsah do p\u0159\u00edlohy.)<\/p>\n<p><a href=\"http:\/\/www.cestaviry.cz\/wp-content\/uploads\/2016\/02\/plizivy_kompromis.pdf\" onclick=\"_gaq.push(['_trackEvent','download','http:\/\/www.cestaviry.cz\/wp-content\/uploads\/2016\/02\/plizivy_kompromis.pdf']);\" rel=\"\">plizivy_kompromis<\/a><\/p>\n<p>Kdo se bude zp\u011btn\u011b pt\u00e1t po nenapln\u011bn\u00ed v\u00fdrok\u016f na rok 2017? Tak jako v jeho &#8222;proroctv\u00edch&#8220;\u00a0v p\u0159edchoz\u00edch letech ? Nikdo.<\/p>\n<p><strong>\u00a0 Pokus d\u00e9monizovat spole\u010dnost za ka\u017edou cenu,vyvol\u00e1vat znovu a znovu psych\u00f3zu ohro\u017een\u00ed, ur\u010dit\u011b semkne \u0159ady a zpevn\u00ed hradby adventismu, ale P\u00e1n B\u016fh stav\u00ed mosty. A o tom je evangelium.<\/strong><\/p>\n","protected":false},"excerpt":{"rendered":"<p>Ur\u010dit\u011b \u010dten\u00e1\u0159\u016fm str\u00e1nek, \u010dlen\u016fm CASD, neunikla zpr\u00e1va, \u017ee na\u0161i vlast n\u011bkdo nav\u0161t\u00edv\u00ed s p\u0159edn\u00e1\u0161kami. \u0158e\u010dn\u00edk Walter Veith. U\u017e jen po p\u0159e\u010dten\u00ed n\u00e1zvu p\u0159edn\u00e1\u0161ek mi \u0161el mr\u00e1z po z\u00e1dech. Pokud je hnac\u00edm motorem v CASD konspirace a lidi bav\u00ed &#8222;vzr\u016f\u0161o&#8220; a &hellip; <a href=\"http:\/\/www.cestaviry.cz\/?p=1063\">Cel\u00fd p\u0159\u00edsp\u011bvek <span class=\"meta-nav\">&rarr;<\/span><\/a><\/p>\n","protected":false},"author":2,"featured_media":0,"comment_status":"closed","ping_status":"open","sticky":false,"template":"","format":"standard","meta":[],"categories":[1],"tags":[],"_links":{"self":[{"href":"http:\/\/www.cestaviry.cz\/index.php?rest_route=\/wp\/v2\/posts\/1063"}],"collection":[{"href":"http:\/\/www.cestaviry.cz\/index.php?rest_route=\/wp\/v2\/posts"}],"about":[{"href":"http:\/\/www.cestaviry.cz\/index.php?rest_route=\/wp\/v2\/types\/post"}],"author":[{"embeddable":true,"href":"http:\/\/www.cestaviry.cz\/index.php?rest_route=\/wp\/v2\/users\/2"}],"replies":[{"embeddable":true,"href":"http:\/\/www.cestaviry.cz\/index.php?rest_route=%2Fwp%2Fv2%2Fcomments&post=1063"}],"version-history":[{"count":5,"href":"http:\/\/www.cestaviry.cz\/index.php?rest_route=\/wp\/v2\/posts\/1063\/revisions"}],"predecessor-version":[{"id":1076,"href":"http:\/\/www.cestaviry.cz\/index.php?rest_route=\/wp\/v2\/posts\/1063\/revisions\/1076"}],"wp:attachment":[{"href":"http:\/\/www.cestaviry.cz\/index.php?rest_route=%2Fwp%2Fv2%2Fmedia&parent=1063"}],"wp:term":[{"taxonomy":"category","embeddable":true,"href":"http:\/\/www.cestaviry.cz\/index.php?rest_route=%2Fwp%2Fv2%2Fcategories&post=1063"},{"taxonomy":"post_tag","embeddable":true,"href":"http:\/\/www.cestaviry.cz\/index.php?rest_route=%2Fwp%2Fv2%2Ftags&post=1063"}],"curies":[{"name":"wp","href":"https:\/\/api.w.org\/{rel}","templated":true}]}}