{"id":1014,"date":"2015-12-27T19:37:48","date_gmt":"2015-12-27T19:37:48","guid":{"rendered":"http:\/\/www.cestaviry.cz\/?p=1014"},"modified":"2016-01-05T23:45:26","modified_gmt":"2016-01-05T23:45:26","slug":"neoficialni-forumnejen-pro-cleny-adventistu","status":"publish","type":"post","link":"http:\/\/www.cestaviry.cz\/?p=1014","title":{"rendered":"Neofici\u00e1ln\u00ed f\u00f3rum(nejen) pro \u010dleny adventist\u016f"},"content":{"rendered":"<p>Del\u0161\u00ed dobu sleduji str\u00e1nky zalo\u017een\u00e9 bratry Slov\u00e1ky a \u010dekal jsem zda se i tam bude objevovat stejn\u00e1 k\u0159ivka,jak v diskuz\u00edch v \u010cech\u00e1ch.<\/p>\n<p>Jejich p\u016fvodn\u00ed p\u0159\u00e1n\u00ed vytvo\u0159it transparentn\u00ed,necenzurovan\u00fd prostor na t\u00e9mata adventismu u\u017e je d\u00e1vno monitorov\u00e1n &#8222;str\u00e1\u017eci pravdy&#8220; v diskuz\u00edch a Slovensk\u00e9 sdru\u017een\u00ed CASD se od nich pom\u011brn\u011b radik\u00e1ln\u011b distancovalo.Sice nech\u00e1pu pro\u010d,nicm\u00e9n\u011b jim <strong>dr\u017e\u00edm palce to ust\u00e1t,p\u0159eji jim st\u00e1le tu schopnost si pokl\u00e1dat ot\u00e1zky a revidovat u\u010den\u00ed.<\/strong><\/p>\n<p>U\u017e jen dotazn\u00edky,zaj\u00edmav\u00e1 t\u00e9mata mo\u017en\u00e1 mnoh\u00e9 prozrazuj\u00ed.Tak vlastn\u011b&#8220;ch\u00e1pu&#8220;pro\u010d se od jejich str\u00e1nek sdru\u017een\u00ed distancovalo.Divn\u00e9 je \u017ee to neud\u011bl\u00e1(tak jako v \u010cech\u00e1ch) pr\u00e1v\u011b ve vztahu k radik\u00e1ln\u00edm web\u016fm,kter\u00e9 se s logy adventismu siln\u011b oh\u00e1n\u011bj\u00ed.<\/p>\n<p>Zde je odkaz:<\/p>\n<p><a href=\"http:\/\/acos.tym.sk\" onclick=\"_gaq.push(['_trackEvent', 'outbound-article', 'http:\/\/acos.tym.sk', 'A \u010do s t\u00fdm']);\" target=\"_blank\">A \u010do s t\u00fdm<\/a><\/p>\n<p>&nbsp;<\/p>\n","protected":false},"excerpt":{"rendered":"<p>Del\u0161\u00ed dobu sleduji str\u00e1nky zalo\u017een\u00e9 bratry Slov\u00e1ky a \u010dekal jsem zda se i tam bude objevovat stejn\u00e1 k\u0159ivka,jak v diskuz\u00edch v \u010cech\u00e1ch. Jejich p\u016fvodn\u00ed p\u0159\u00e1n\u00ed vytvo\u0159it transparentn\u00ed,necenzurovan\u00fd prostor na t\u00e9mata adventismu u\u017e je d\u00e1vno monitorov\u00e1n &#8222;str\u00e1\u017eci pravdy&#8220; v diskuz\u00edch a &hellip; <a href=\"http:\/\/www.cestaviry.cz\/?p=1014\">Cel\u00fd p\u0159\u00edsp\u011bvek <span class=\"meta-nav\">&rarr;<\/span><\/a><\/p>\n","protected":false},"author":2,"featured_media":0,"comment_status":"closed","ping_status":"open","sticky":false,"template":"","format":"standard","meta":[],"categories":[7],"tags":[],"_links":{"self":[{"href":"http:\/\/www.cestaviry.cz\/index.php?rest_route=\/wp\/v2\/posts\/1014"}],"collection":[{"href":"http:\/\/www.cestaviry.cz\/index.php?rest_route=\/wp\/v2\/posts"}],"about":[{"href":"http:\/\/www.cestaviry.cz\/index.php?rest_route=\/wp\/v2\/types\/post"}],"author":[{"embeddable":true,"href":"http:\/\/www.cestaviry.cz\/index.php?rest_route=\/wp\/v2\/users\/2"}],"replies":[{"embeddable":true,"href":"http:\/\/www.cestaviry.cz\/index.php?rest_route=%2Fwp%2Fv2%2Fcomments&post=1014"}],"version-history":[{"count":4,"href":"http:\/\/www.cestaviry.cz\/index.php?rest_route=\/wp\/v2\/posts\/1014\/revisions"}],"predecessor-version":[{"id":1029,"href":"http:\/\/www.cestaviry.cz\/index.php?rest_route=\/wp\/v2\/posts\/1014\/revisions\/1029"}],"wp:attachment":[{"href":"http:\/\/www.cestaviry.cz\/index.php?rest_route=%2Fwp%2Fv2%2Fmedia&parent=1014"}],"wp:term":[{"taxonomy":"category","embeddable":true,"href":"http:\/\/www.cestaviry.cz\/index.php?rest_route=%2Fwp%2Fv2%2Fcategories&post=1014"},{"taxonomy":"post_tag","embeddable":true,"href":"http:\/\/www.cestaviry.cz\/index.php?rest_route=%2Fwp%2Fv2%2Ftags&post=1014"}],"curies":[{"name":"wp","href":"https:\/\/api.w.org\/{rel}","templated":true}]}}